{"id":11401,"date":"2023-01-04T16:03:42","date_gmt":"2023-01-04T21:03:42","guid":{"rendered":"https:\/\/xn--mscarasypolticascozumel-t5b42a.com\/?p=11401"},"modified":"2023-01-04T16:03:42","modified_gmt":"2023-01-04T21:03:42","slug":"mexico-llega-a-dia-del-periodista-sin-nada-que-celebrar-por-violencia-inedita","status":"publish","type":"post","link":"https:\/\/newsqr.com.mx\/?p=11401","title":{"rendered":"M\u00e9xico llega a D\u00eda del Periodista sin nada que celebrar por violencia in\u00e9dita"},"content":{"rendered":"<p>M\u00e9xico lleg\u00f3 este mi\u00e9rcoles al D\u00eda Nacional del Periodista sin nada que celebrar, tras registrar el pasado a\u00f1o cifras in\u00e9ditas de asesinatos de profesionales de la comunicaci\u00f3n, que tambi\u00e9n sufrieron hostigamiento y persecuci\u00f3n por parte del poder p\u00fablico.<\/p>\n<p>\u201cNo hay nada que celebrar en uno de los pa\u00edses m\u00e1s peligrosos para ejercer el periodismo. Lo \u00fanico importante es la oportunidad de recordar a los gobiernos y la sociedad que el periodismo, el derecho a la informaci\u00f3n y la democracia est\u00e1n en riesgo\u201d, expuso a EFE la representante de Reporteros Sin Fronteras (RSF) en M\u00e9xico, Balbina Flores.<\/p>\n<p>Seg\u00fan el recuento de RSF, 11 periodistas fueron asesinados durante el pasado a\u00f1o en M\u00e9xico en relaci\u00f3n con su trabajo, y otros 4 casos siguen bajo investigaci\u00f3n, mientras que otros organismos, como la Sociedad Interamericana de Prensa (SIP), calculan hasta 20 casos.<\/p>\n<div class=\"enhancement\" data-click=\"enhancement\" data-align-center=\"\"><\/div>\n<p>De cualquier modo, 2022 se convirti\u00f3 en el a\u00f1o m\u00e1s mort\u00edfero para los profesionales de la informaci\u00f3n en M\u00e9xico, el \u201cpa\u00eds en paz\u201d m\u00e1s peligroso para la prensa y que concentr\u00f3 el 20 % de los asesinatos de periodistas documentados por RSF a nivel global.<\/p>\n<p>\u201cAsesinaron a m\u00e1s periodistas que en Ucrania o Irak. Es muy impactante siendo un pa\u00eds en paz y democracia\u201d, alert\u00f3 Flores.<\/p>\n<p>El homicidio es el nivel m\u00e1s extremo de la violencia contra los profesionales de la comunicaci\u00f3n, pero suele ir precedido por un ambiente de hostigamiento, cr\u00edtica y persecuci\u00f3n, a\u00f1adi\u00f3.<\/p>\n<p>&nbsp;<\/p>\n<div class=\"enhancement\" data-click=\"enhancement\" data-align-center=\"\"><\/div>\n<p>\u201cGran parte de esas amenazas proviene del poder p\u00fablico por v\u00eda telef\u00f3nica, redes sociales o de forma directa. Este tipo de actos inhiben el ejercicio period\u00edstico\u201d, manifest\u00f3 la representante del organismo internacional.<\/p>\n<p>CR\u00cdTICAS DESDE EL GOBIERNO<\/p>\n<p>Adem\u00e1s, puntualiz\u00f3 que las repetidas cr\u00edticas que el presidente mexicano, Andr\u00e9s Manuel L\u00f3pez Obrador, vierte sobre los periodistas cr\u00edticos con su administraci\u00f3n transmiten la sensaci\u00f3n de que se les puede agredir f\u00e1cilmente en la calle o en internet.<\/p>\n<p>Tan solo este mi\u00e9rcoles, el mandatario reiter\u00f3 sus cuestionamientos a la prensa antes de presentar \u201cQui\u00e9n es qui\u00e9n en las mentiras\u201d, una secci\u00f3n semanal en sus ruedas de prensa matutinas en la que exhibe a medios cr\u00edticos con su Gobierno.<\/p>\n<p>&nbsp;<\/p>\n<div class=\"enhancement\" data-click=\"enhancement\" data-align-center=\"\"><\/div>\n<p>\u201cEs una m\u00ednima parte, muy poquito, ni siquiera llega a bot\u00f3n de muestra para todo el bombardeo de mentiras y la guerra sucia que han echado a andar los del bloque conservador con sus medios de desinformaci\u00f3n\u201d, sostuvo.<\/p>\n<p>Otro de los motivos del incremento de la violencia contra los periodistas, en M\u00e9xico y en toda Am\u00e9rica Latina, es la precarizaci\u00f3n laboral a la que se han visto abocados y la falta de protecci\u00f3n que les ofrecen los medios de comunicaci\u00f3n para los que trabajan.<\/p>\n<p>El D\u00eda Nacional del Periodista en M\u00e9xico se celebra cada 4 de enero en conmemoraci\u00f3n del fallecimiento de Manuel Caballero (1926), considerado a menudo el padre del periodismo moderno mexicano.<\/p>\n<p>&nbsp;<\/p>\n<div class=\"enhancement\" data-click=\"enhancement\" data-align-center=\"\"><\/div>\n<p>PERSPECTIVAS OSCURAS<\/p>\n<p>La representante de RSF se mostr\u00f3 poco optimista de cara al a\u00f1o que arranca y vislumbr\u00f3 que los pr\u00f3ximos procesos electorales, en Coahuila y Estado de M\u00e9xico el pr\u00f3ximo junio y las federales de 2024, provocar\u00e1n una guerra pol\u00edtica que salpicar\u00e1 a los periodistas.<\/p>\n<p>El reportero Omar Castro sufri\u00f3 el pasado martes una agresi\u00f3n en el norte\u00f1o estado de Sonora, que se consider\u00f3 el primer ataque a un periodista en 2023. Posteriormente, \u00e9l mismo neg\u00f3 que el suceso tuviese que ver con su labor profesional.<\/p>\n<p>Pese a todo, Flores rescat\u00f3 de las tinieblas en las que se sumen los profesionales de la comunicaci\u00f3n en M\u00e9xico los grandes trabajos period\u00edsticos que se siguen haciendo en el pa\u00eds en materia de investigaci\u00f3n contra la corrupci\u00f3n, violaciones de derechos humanos o fen\u00f3menos migratorios.<\/p>\n<p>&nbsp;<\/p>\n<div class=\"enhancement\" data-click=\"enhancement\" data-align-center=\"\"><\/div>\n<p>\u201cY ante los casos de violencia, los periodistas se organizan, se manifiestan. Se va a cumplir un a\u00f1o del asesinato de Margarito Esquivel en Tijuana, que gener\u00f3 una movilizaci\u00f3n impresionante. Esas acciones tambi\u00e9n son positivas\u201d, destac\u00f3.<\/p>\n","protected":false},"excerpt":{"rendered":"<p>M\u00e9xico lleg\u00f3 este mi\u00e9rcoles al D\u00eda Nacional del Periodista sin nada que celebrar, tras registrar&#8230;<\/p>\n","protected":false},"author":1,"featured_media":11403,"comment_status":"open","ping_status":"closed","sticky":false,"template":"","format":"standard","meta":{"footnotes":""},"categories":[2],"tags":[],"class_list":["post-11401","post","type-post","status-publish","format-standard","has-post-thumbnail","hentry","category-nacional"],"_links":{"self":[{"href":"https:\/\/newsqr.com.mx\/index.php?rest_route=\/wp\/v2\/posts\/11401","targetHints":{"allow":["GET"]}}],"collection":[{"href":"https:\/\/newsqr.com.mx\/index.php?rest_route=\/wp\/v2\/posts"}],"about":[{"href":"https:\/\/newsqr.com.mx\/index.php?rest_route=\/wp\/v2\/types\/post"}],"author":[{"embeddable":true,"href":"https:\/\/newsqr.com.mx\/index.php?rest_route=\/wp\/v2\/users\/1"}],"replies":[{"embeddable":true,"href":"https:\/\/newsqr.com.mx\/index.php?rest_route=%2Fwp%2Fv2%2Fcomments&post=11401"}],"version-history":[{"count":0,"href":"https:\/\/newsqr.com.mx\/index.php?rest_route=\/wp\/v2\/posts\/11401\/revisions"}],"wp:featuredmedia":[{"embeddable":true,"href":"https:\/\/newsqr.com.mx\/index.php?rest_route=\/wp\/v2\/media\/11403"}],"wp:attachment":[{"href":"https:\/\/newsqr.com.mx\/index.php?rest_route=%2Fwp%2Fv2%2Fmedia&parent=11401"}],"wp:term":[{"taxonomy":"category","embeddable":true,"href":"https:\/\/newsqr.com.mx\/index.php?rest_route=%2Fwp%2Fv2%2Fcategories&post=11401"},{"taxonomy":"post_tag","embeddable":true,"href":"https:\/\/newsqr.com.mx\/index.php?rest_route=%2Fwp%2Fv2%2Ftags&post=11401"}],"curies":[{"name":"wp","href":"https:\/\/api.w.org\/{rel}","templated":true}]}}