{"id":11454,"date":"2023-01-05T18:29:33","date_gmt":"2023-01-05T23:29:33","guid":{"rendered":"https:\/\/xn--mscarasypolticascozumel-t5b42a.com\/?p=11454"},"modified":"2023-01-05T18:29:33","modified_gmt":"2023-01-05T23:29:33","slug":"carnaval-2023-en-cozumel-tendra-presupuesto-de-29-mdp","status":"publish","type":"post","link":"https:\/\/newsqr.com.mx\/?p=11454","title":{"rendered":"CARNAVAL 2023 EN COZUMEL TENDR\u00c1 PRESUPUESTO DE 29 MDP"},"content":{"rendered":"<p><strong>Este a\u00f1o, esta isla festejar\u00e1 la edici\u00f3n 149 de su tradicional Carnaval, ahora en sus fechas habituales, y con un presupuesto propio del Ayuntamiento de 29 millones de pesos, afirm\u00f3 hoy Juanita Alonso Marrufo, presidente municipal.<\/strong><\/p>\n<p>\u201cNo es solo tradici\u00f3n, sino que trae gran derrama\u201d, afirm\u00f3 la edil, quien destac\u00f3 que el a\u00f1o pasado, gracias a la promoci\u00f3n nacional de este evento, lograron elevar la ocupaci\u00f3n hotelera en mayo, reactiv\u00e1ndose el sector desde entonces.<\/p>\n<p>\u201cEsperemos que en 2023 continuemos a la alza, tenemos la ventaja de no tener tanto sargazo\u201d, afirm\u00f3. \u201cContinuaremos trabajando en estos eventos culturales\u201d.<\/p>\n<div class=\"td-a-ad id_inline_ad0 id_ad_content-horiz-left\"><\/div>\n<p>El Ayuntamiento de\u00a0<strong>Cozumel<\/strong>\u00a0conf\u00eda que obtendr\u00e1 el apoyo de Gobierno del Estado para esta edici\u00f3n del Carnaval, tema que\u00a0<strong>Alonso Marrufo<\/strong>\u00a0ya ha abordado con la gobernadora Mara Lezama.<\/p>\n<p>Por otro lado, la presidente municipal confirm\u00f3 que ya eval\u00faan la posibilidad de retirar la ciclov\u00eda en la\u00a0<strong>avenida Rafael E. Melgar<\/strong>, ante las cr\u00edticas de taxistas por generar congestionamiento. Para ello, crear\u00edan otra ciclov\u00eda de reemplazo en la carretera transversal, misma que se contectar\u00eda con otra id\u00e9ntica en la zona oriental de la isla.<\/p>\n<p>Juanita Alonso se\u00f1al\u00f3 que el proyecto data del a\u00f1o pasado, pero por distintos motivos, se ha atrasado.<\/p>\n<div>\n<p>Finalmente, la mun\u00edcipe confirm\u00f3 que entre el lunes y martes de la pr\u00f3xima semana inaugurar\u00e1n las casetas policiacas, hecho que requiri\u00f3 no solo la rehabilitaci\u00f3n de estos espacios, sino adem\u00e1s traerles mobiliario, adem\u00e1s de reparar las torres de comunicaci\u00f3n en Seguridad P\u00fablica y Bomberos, que por falta de mantenimiento en administraciones pasadas, ya no funcionaban.<\/p>\n<\/div>\n<div class=\"td-a-ad id_bottom_ad \"><\/div>\n","protected":false},"excerpt":{"rendered":"<p>Este a\u00f1o, esta isla festejar\u00e1 la edici\u00f3n 149 de su tradicional Carnaval, ahora en sus&#8230;<\/p>\n","protected":false},"author":1,"featured_media":11456,"comment_status":"open","ping_status":"closed","sticky":false,"template":"","format":"standard","meta":{"footnotes":""},"categories":[10],"tags":[],"class_list":["post-11454","post","type-post","status-publish","format-standard","has-post-thumbnail","hentry","category-local"],"_links":{"self":[{"href":"https:\/\/newsqr.com.mx\/index.php?rest_route=\/wp\/v2\/posts\/11454","targetHints":{"allow":["GET"]}}],"collection":[{"href":"https:\/\/newsqr.com.mx\/index.php?rest_route=\/wp\/v2\/posts"}],"about":[{"href":"https:\/\/newsqr.com.mx\/index.php?rest_route=\/wp\/v2\/types\/post"}],"author":[{"embeddable":true,"href":"https:\/\/newsqr.com.mx\/index.php?rest_route=\/wp\/v2\/users\/1"}],"replies":[{"embeddable":true,"href":"https:\/\/newsqr.com.mx\/index.php?rest_route=%2Fwp%2Fv2%2Fcomments&post=11454"}],"version-history":[{"count":0,"href":"https:\/\/newsqr.com.mx\/index.php?rest_route=\/wp\/v2\/posts\/11454\/revisions"}],"wp:featuredmedia":[{"embeddable":true,"href":"https:\/\/newsqr.com.mx\/index.php?rest_route=\/wp\/v2\/media\/11456"}],"wp:attachment":[{"href":"https:\/\/newsqr.com.mx\/index.php?rest_route=%2Fwp%2Fv2%2Fmedia&parent=11454"}],"wp:term":[{"taxonomy":"category","embeddable":true,"href":"https:\/\/newsqr.com.mx\/index.php?rest_route=%2Fwp%2Fv2%2Fcategories&post=11454"},{"taxonomy":"post_tag","embeddable":true,"href":"https:\/\/newsqr.com.mx\/index.php?rest_route=%2Fwp%2Fv2%2Ftags&post=11454"}],"curies":[{"name":"wp","href":"https:\/\/api.w.org\/{rel}","templated":true}]}}