{"id":11457,"date":"2023-01-06T15:35:47","date_gmt":"2023-01-06T20:35:47","guid":{"rendered":"https:\/\/xn--mscarasypolticascozumel-t5b42a.com\/?p=11457"},"modified":"2023-01-06T15:35:47","modified_gmt":"2023-01-06T20:35:47","slug":"mexico-confirma-llegada-de-biden-para-el-domingo-al-nuevo-aeropuerto-del-pais","status":"publish","type":"post","link":"https:\/\/newsqr.com.mx\/?p=11457","title":{"rendered":"M\u00e9xico confirma llegada de Biden para el domingo al nuevo aeropuerto del pa\u00eds"},"content":{"rendered":"<p>El canciller mexicano Marcelo Ebrard inform\u00f3 este jueves de que el presidente de Estados Unidos, Joe Biden, llegar\u00e1 al pa\u00eds latinoamericano el domingo 8 de enero, un d\u00eda antes de lo programado y aterrizar\u00e1 en el Aeropuerto Internacional Felipe \u00c1ngeles (AIFA), nueva terminal a\u00e9rea inaugurada el 21 de marzo de 2022.<\/p>\n<p>\u201cActualizaci\u00f3n de la Cumbre de L\u00edderes de Am\u00e9rica del Norte: el Presidente de los Estados Unidos, Joe Biden, llegar\u00e1 el domingo 8 de enero por la tarde al Aeropuerto Internacional Felipe \u00c1ngeles. Ser\u00e1 bienvenido a M\u00e9xico!\u201d, apunt\u00f3 Ebrard en un mensaje en redes sociales.<\/p>\n<p>Previamente, en conferencia de prensa, Ebrard hab\u00eda adelantado que Biden llegar\u00eda a la capital mexicana el lunes 9 de enero a las 13.00 hora local (19.00 GMT), mientras que el primer ministro de Canad\u00e1, Justin Trudeau, arribar\u00e1 a las 14.30 horas (20.30 GMT).<\/p>\n<div class=\"enhancement\" data-click=\"enhancement\" data-align-center=\"\"><\/div>\n<p>Adem\u00e1s, dijo que el presidente de M\u00e9xico, Andr\u00e9s Manuel L\u00f3pez Obrador, tendr\u00e1 un encuentro bilateral con Biden el pr\u00f3ximo lunes y otro el mi\u00e9rcoles con Trudeau, en el marco de la Cumbre de L\u00edderes de Am\u00e9rica del Norte que albergar\u00e1 M\u00e9xico.<\/p>\n<p>La reuni\u00f3n oficial entre los tres mandatarios tendr\u00e1 lugar el martes en el Palacio Nacional a partir de las 11.30 hora local (19.30 GMT) y hasta cerca de las 15.00 horas (21.00 GMT), cuando habr\u00eda un mensaje conjunto a medios de comunicaci\u00f3n, despu\u00e9s de que Biden volviera a Estados Unidos.<\/p>\n<p>El encuentro con Trudeau tendr\u00e1 lugar a las 10.30 hora local (16.30 GMT) del mi\u00e9rcoles.<\/p>\n<p>&nbsp;<\/p>\n<div class=\"enhancement\" data-click=\"enhancement\" data-align-center=\"\"><\/div>\n<p>La \u00faltima Cumbre de L\u00edderes de Am\u00e9rica del Norte tuvo lugar en noviembre de 2021 en Washington, donde los tres responsables norteamericanos abordaron la pandemia de covid-19, la migraci\u00f3n y el Tratado entre M\u00e9xico, Estados Unidos y Canad\u00e1 (T-MEC).<\/p>\n<p>La cumbre trilateral se organizaba normalmente de forma anual, aunque en 2021 se celebr\u00f3 por primera vez desde 2016, despu\u00e9s de cuatro a\u00f1os paralizada durante el mandato de Donald Trump.<\/p>\n","protected":false},"excerpt":{"rendered":"<p>El canciller mexicano Marcelo Ebrard inform\u00f3 este jueves de que el presidente de Estados Unidos,&#8230;<\/p>\n","protected":false},"author":1,"featured_media":11459,"comment_status":"open","ping_status":"closed","sticky":false,"template":"","format":"standard","meta":{"footnotes":""},"categories":[2],"tags":[],"class_list":["post-11457","post","type-post","status-publish","format-standard","has-post-thumbnail","hentry","category-nacional"],"_links":{"self":[{"href":"https:\/\/newsqr.com.mx\/index.php?rest_route=\/wp\/v2\/posts\/11457","targetHints":{"allow":["GET"]}}],"collection":[{"href":"https:\/\/newsqr.com.mx\/index.php?rest_route=\/wp\/v2\/posts"}],"about":[{"href":"https:\/\/newsqr.com.mx\/index.php?rest_route=\/wp\/v2\/types\/post"}],"author":[{"embeddable":true,"href":"https:\/\/newsqr.com.mx\/index.php?rest_route=\/wp\/v2\/users\/1"}],"replies":[{"embeddable":true,"href":"https:\/\/newsqr.com.mx\/index.php?rest_route=%2Fwp%2Fv2%2Fcomments&post=11457"}],"version-history":[{"count":0,"href":"https:\/\/newsqr.com.mx\/index.php?rest_route=\/wp\/v2\/posts\/11457\/revisions"}],"wp:featuredmedia":[{"embeddable":true,"href":"https:\/\/newsqr.com.mx\/index.php?rest_route=\/wp\/v2\/media\/11459"}],"wp:attachment":[{"href":"https:\/\/newsqr.com.mx\/index.php?rest_route=%2Fwp%2Fv2%2Fmedia&parent=11457"}],"wp:term":[{"taxonomy":"category","embeddable":true,"href":"https:\/\/newsqr.com.mx\/index.php?rest_route=%2Fwp%2Fv2%2Fcategories&post=11457"},{"taxonomy":"post_tag","embeddable":true,"href":"https:\/\/newsqr.com.mx\/index.php?rest_route=%2Fwp%2Fv2%2Ftags&post=11457"}],"curies":[{"name":"wp","href":"https:\/\/api.w.org\/{rel}","templated":true}]}}