{"id":11460,"date":"2023-01-06T15:53:04","date_gmt":"2023-01-06T20:53:04","guid":{"rendered":"https:\/\/xn--mscarasypolticascozumel-t5b42a.com\/?p=11460"},"modified":"2023-01-06T15:53:04","modified_gmt":"2023-01-06T20:53:04","slug":"mexico-presenta-la-agenda-de-la-cumbre-de-america-del-norte","status":"publish","type":"post","link":"https:\/\/newsqr.com.mx\/?p=11460","title":{"rendered":"M\u00e9xico presenta la agenda de la cumbre de Am\u00e9rica del Norte"},"content":{"rendered":"<div class=\"subtitle\">\n<p>Los temas principales a discutir ser\u00e1n los del cambio clim\u00e1tico, competitividad en la regi\u00f3n, migraci\u00f3n, seguridad y salud.<\/p>\n<\/div>\n<div class=\"txt_newworld\">\n<p>Los mandatarios de M\u00e9xico, Andr\u00e9s Manuel L\u00f3pez Obrador; de Estados Unidos, Joe Biden; y de Canad\u00e1, Justin Trudeau, se reunir\u00e1n la semana pr\u00f3xima en la X Cumbre de L\u00edderes de Am\u00e9rica del Norte, a celebrarse en la capital mexicana.<\/p>\n<p>El canciller mexicano Marcelo Ebrard, al dar a conocer este jueves en conferencia de prensa la agenda que los gobernantes cumplir\u00e1n en la cita, dijo que los temas principales a discutir ser\u00e1n los del cambio clim\u00e1tico, competitividad en la regi\u00f3n, migraci\u00f3n, seguridad y salud.<\/p>\n<p>El secretario de Relaciones Exteriores detall\u00f3 que el presidente Biden llegar\u00e1 el domingo pr\u00f3ximo al pa\u00eds latinoamericano, mientras que el primer ministro canadiense arribar\u00e1 el lunes siguiente.<\/p>\n<div>\n<div id=\"twitter-73\" class=\"ck-twitter\">\n<p>El lunes, en horas de la tarde, Biden y L\u00f3pez Obrador sostendr\u00e1n una conversaci\u00f3n de car\u00e1cter privado, a la que despu\u00e9s se sumar\u00e1n miembros de sus respectivos gabinetes.<\/p>\n<p>El mismo lunes 9 de enero los tres gobernantes junto a sus respectivas esposas se reunir\u00e1n en Palacio Nacional, en el centro de la Ciudad de M\u00e9xico, para compartir una cena, detall\u00f3 el funcionario.<\/p>\n<p>El martes 10 de enero, Biden y Trudeau llegar\u00e1n a Palacio Nacional, donde ser\u00e1n recibidos por L\u00f3pez Obrador. Los tres mandatarios se tomar\u00e1n la fotograf\u00eda oficial de la cumbre y llevar\u00e1n a cabo sus reuniones.<\/p>\n<p>Al concluir las conversaciones trilaterales, habr\u00e1 un mensaje a medios de comunicaci\u00f3n con los tres mandatarios, anot\u00f3 Ebrard.<\/p>\n<p>Luego de esta actividad, el presidente Biden retornar\u00e1 a EE.UU, mientras que Trudeau ser\u00e1 recibido el mi\u00e9rcoles 11 por L\u00f3pez Obrador, para un di\u00e1logo bilateral, tras el cual ofrecer\u00e1n declaraciones a la prensa.<\/p>\n<\/div>\n<\/div>\n<\/div>\n","protected":false},"excerpt":{"rendered":"<p>Los temas principales a discutir ser\u00e1n los del cambio clim\u00e1tico, competitividad en la regi\u00f3n, migraci\u00f3n,&#8230;<\/p>\n","protected":false},"author":1,"featured_media":11462,"comment_status":"open","ping_status":"closed","sticky":false,"template":"","format":"standard","meta":{"footnotes":""},"categories":[6],"tags":[],"class_list":["post-11460","post","type-post","status-publish","format-standard","has-post-thumbnail","hentry","category-internacional"],"_links":{"self":[{"href":"https:\/\/newsqr.com.mx\/index.php?rest_route=\/wp\/v2\/posts\/11460","targetHints":{"allow":["GET"]}}],"collection":[{"href":"https:\/\/newsqr.com.mx\/index.php?rest_route=\/wp\/v2\/posts"}],"about":[{"href":"https:\/\/newsqr.com.mx\/index.php?rest_route=\/wp\/v2\/types\/post"}],"author":[{"embeddable":true,"href":"https:\/\/newsqr.com.mx\/index.php?rest_route=\/wp\/v2\/users\/1"}],"replies":[{"embeddable":true,"href":"https:\/\/newsqr.com.mx\/index.php?rest_route=%2Fwp%2Fv2%2Fcomments&post=11460"}],"version-history":[{"count":0,"href":"https:\/\/newsqr.com.mx\/index.php?rest_route=\/wp\/v2\/posts\/11460\/revisions"}],"wp:featuredmedia":[{"embeddable":true,"href":"https:\/\/newsqr.com.mx\/index.php?rest_route=\/wp\/v2\/media\/11462"}],"wp:attachment":[{"href":"https:\/\/newsqr.com.mx\/index.php?rest_route=%2Fwp%2Fv2%2Fmedia&parent=11460"}],"wp:term":[{"taxonomy":"category","embeddable":true,"href":"https:\/\/newsqr.com.mx\/index.php?rest_route=%2Fwp%2Fv2%2Fcategories&post=11460"},{"taxonomy":"post_tag","embeddable":true,"href":"https:\/\/newsqr.com.mx\/index.php?rest_route=%2Fwp%2Fv2%2Ftags&post=11460"}],"curies":[{"name":"wp","href":"https:\/\/api.w.org\/{rel}","templated":true}]}}