{"id":11466,"date":"2023-01-06T16:07:11","date_gmt":"2023-01-06T21:07:11","guid":{"rendered":"https:\/\/xn--mscarasypolticascozumel-t5b42a.com\/?p=11466"},"modified":"2023-01-06T16:07:11","modified_gmt":"2023-01-06T21:07:11","slug":"dia-de-la-enfermera-por-que-se-celebra-en-el-6-de-enero-en-mexico","status":"publish","type":"post","link":"https:\/\/newsqr.com.mx\/?p=11466","title":{"rendered":"D\u00eda de la Enfermera: \u00bfPor qu\u00e9 se celebra en el 6 de enero en M\u00e9xico?"},"content":{"rendered":"<div class=\"row\">\n<div class=\"col-sm-xl-12 layout-section wrap-bottom\">\n<h4 class=\"primary-font__PrimaryFontStyles-o56yd5-0 heuGTu h4-primary sub-headline\" style=\"text-align: center;\">La tradici\u00f3n marca que esta fecha siga siendo la m\u00e1s relacionada con el D\u00eda de las y los Enfermeros en nuestro pa\u00eds.<\/h4>\n<div class=\"default__StyledDiv-cj38t1-0 gCPfDm share-bar\">\n<p class=\"default__StyledText-xb1qmn-0 cgXrXK body-paragraph\">\u00a1Felicidades a las enfermeras y enfermeros de M\u00e9xico! Este\u00a0<b>6 de enero<\/b>\u00a0(D\u00eda de Reyes) se conmemora su \u2018fiesta\u2019 en nuestro pa\u00eds, una tradici\u00f3n que ya tiene m\u00e1s de nueve d\u00e9cadas de antig\u00fcedad.<\/p>\n<p class=\"default__StyledText-xb1qmn-0 cgXrXK body-paragraph\">La primera celebraci\u00f3n del D\u00eda de la Enfermera se remonta\u00a0<b>a 1931<\/b>, de acuerdo con datos del Instituto Mexicano del Seguro Social. Jos\u00e9 Castro Villagrana, quien era director del Hospital Ju\u00e1rez de M\u00e9xico en ese entonces, propuso que la celebraci\u00f3n fuera el 6 de enero al considerar que las y los enfermeros eran\u00a0<b>\u201cun regalo de Reyes\u201d\u00a0<\/b>para los pacientes.<\/p>\n<div id=\"arcad-feature-1866\" class=\"default__StyledAdUnit-ijbiyl-0 dmQA-dM arcad-feature margin-md-bottom \">\n<div class=\"arcad-container\">\n<div id=\"lazy_3\">\n<div id=\"inread_oop\" class=\"arcad ad-1x1\" data-google-query-id=\"CNe9u47ss_wCFcRT0wodJbMN4w\">\n<div id=\"google_ads_iframe_\/77835600\/ElFinanciero__internas\/inread_oop_0__container__\"><\/div>\n<\/div>\n<\/div>\n<\/div>\n<\/div>\n<p class=\"default__StyledText-xb1qmn-0 cgXrXK body-paragraph\">Y si bien el<b>\u00a0Gobierno de M\u00e9xico<\/b>\u00a0declar\u00f3 oficialmente\u00a0el 12 de mayo\u00a0como el d\u00eda para festejar a estos elementos del personal de salud (esto para que tambi\u00e9n coincidiera con la fecha internacional del D\u00eda de la Enfermera), la tradici\u00f3n de celebrar a estos trabajadores\u00a0se mantiene en enero.<\/p>\n<p class=\"default__StyledText-xb1qmn-0 cgXrXK body-paragraph\">Datos del IMSS de 2022 mostraron que el organismo contaba con\u00a0<b>114 mil 605 trabajadores de enfermer\u00eda<\/b>\u00a0(79 por ciento eran mujeres y 21 por ciento, hombres).<\/p>\n<p class=\"default__StyledText-xb1qmn-0 cgXrXK body-paragraph\">La mayor\u00eda de las y los enfermeros se encuentran distribuidos en cl\u00ednicas y centros de salud de segundo nivel (73 mil 201), explic\u00f3 el instituto.<\/p>\n<p class=\"default__StyledText-xb1qmn-0 cgXrXK body-paragraph\">Alrededor de 14 por ciento de las y los enfermeros del IMSS cuentan con alg\u00fan tipo de especialidad, como lo son:<\/p>\n<ul class=\"list__StyledUnorderedList-sc-1wwq737-2 elaPtt\">\n<li class=\"list__StyledListItem-sc-1wwq737-0 dmVxvi\">Pedi\u00e1trica<\/li>\n<li class=\"list__StyledListItem-sc-1wwq737-0 dmVxvi\">Quir\u00fargica<\/li>\n<li class=\"list__StyledListItem-sc-1wwq737-0 dmVxvi\">Salud p\u00fablica<\/li>\n<li class=\"list__StyledListItem-sc-1wwq737-0 dmVxvi\">Cuidados intensivos<\/li>\n<li class=\"list__StyledListItem-sc-1wwq737-0 dmVxvi\">Medicina de familia<\/li>\n<li class=\"list__StyledListItem-sc-1wwq737-0 dmVxvi\">Materno infantil<\/li>\n<\/ul>\n<h2 class=\"heading__StyledHeading-sc-5jxglz-0 kSxoe\">La Enfermer\u00eda en M\u00e9xico<\/h2>\n<p class=\"default__StyledText-xb1qmn-0 cgXrXK body-paragraph\"><b>La pandemia de COVID-19<\/b>\u00a0represent\u00f3 uno de los retos y momentos de mayor presi\u00f3n y trabajo para el personal de enfermer\u00eda en M\u00e9xico, quienes se encargaron de actividades como la aplicaci\u00f3n de\u00a0las vacunas contra el virus SARS-CoV-2, por ejemplo.<\/p>\n<p class=\"default__StyledText-xb1qmn-0 cgXrXK body-paragraph\">Datos del Instituto Nacional de Estad\u00edstica y Geograf\u00eda (Inegi) mostraron que el n\u00famero de personas ocupadas en enfermer\u00eda se increment\u00f3\u00a0<b>en alrededor de 130 mil\u00a0<\/b>desde el inicio de la pandemia.<\/p>\n<p class=\"default__StyledText-xb1qmn-0 cgXrXK body-paragraph\">En total, 620 mil personas declararon dedicarse a la prestaci\u00f3n de servicios de enfermer\u00eda, seg\u00fan datos del Instituto. La mayor\u00eda de las y los enfermeros tienen entre 30 y 49 a\u00f1os de edad (52 por ciento).<\/p>\n<\/div>\n<\/div>\n<\/div>\n","protected":false},"excerpt":{"rendered":"<p>La tradici\u00f3n marca que esta fecha siga siendo la m\u00e1s relacionada con el D\u00eda de&#8230;<\/p>\n","protected":false},"author":1,"featured_media":11468,"comment_status":"open","ping_status":"closed","sticky":false,"template":"","format":"standard","meta":{"footnotes":""},"categories":[9],"tags":[],"class_list":["post-11466","post","type-post","status-publish","format-standard","has-post-thumbnail","hentry","category-salud"],"_links":{"self":[{"href":"https:\/\/newsqr.com.mx\/index.php?rest_route=\/wp\/v2\/posts\/11466","targetHints":{"allow":["GET"]}}],"collection":[{"href":"https:\/\/newsqr.com.mx\/index.php?rest_route=\/wp\/v2\/posts"}],"about":[{"href":"https:\/\/newsqr.com.mx\/index.php?rest_route=\/wp\/v2\/types\/post"}],"author":[{"embeddable":true,"href":"https:\/\/newsqr.com.mx\/index.php?rest_route=\/wp\/v2\/users\/1"}],"replies":[{"embeddable":true,"href":"https:\/\/newsqr.com.mx\/index.php?rest_route=%2Fwp%2Fv2%2Fcomments&post=11466"}],"version-history":[{"count":0,"href":"https:\/\/newsqr.com.mx\/index.php?rest_route=\/wp\/v2\/posts\/11466\/revisions"}],"wp:featuredmedia":[{"embeddable":true,"href":"https:\/\/newsqr.com.mx\/index.php?rest_route=\/wp\/v2\/media\/11468"}],"wp:attachment":[{"href":"https:\/\/newsqr.com.mx\/index.php?rest_route=%2Fwp%2Fv2%2Fmedia&parent=11466"}],"wp:term":[{"taxonomy":"category","embeddable":true,"href":"https:\/\/newsqr.com.mx\/index.php?rest_route=%2Fwp%2Fv2%2Fcategories&post=11466"},{"taxonomy":"post_tag","embeddable":true,"href":"https:\/\/newsqr.com.mx\/index.php?rest_route=%2Fwp%2Fv2%2Ftags&post=11466"}],"curies":[{"name":"wp","href":"https:\/\/api.w.org\/{rel}","templated":true}]}}