{"id":11505,"date":"2023-01-07T15:53:54","date_gmt":"2023-01-07T20:53:54","guid":{"rendered":"https:\/\/xn--mscarasypolticascozumel-t5b42a.com\/?p=11505"},"modified":"2023-01-07T15:53:54","modified_gmt":"2023-01-07T20:53:54","slug":"al-menos-un-muerto-y-59-heridos-en-un-choque-de-trenes-en-el-metro-de-ciudad-de-mexico","status":"publish","type":"post","link":"https:\/\/newsqr.com.mx\/?p=11505","title":{"rendered":"Al menos un muerto y 59 heridos en un choque de trenes en el metro de Ciudad de M\u00e9xico"},"content":{"rendered":"<header class=\"a_e _g _g-xs\">\n<div class=\"a_e_txt _df\">\n<h4 class=\"a_st\" style=\"text-align: center;\">La jefa de Gobierno, Claudia Sheinbaum, informa de que las cuatro personas que hab\u00edan quedado \u201cprensadas\u201d en los vagones ya han sido rescatadas<\/h4>\n<\/div>\n<\/header>\n<div class=\"a_md _g _g-xs ni\">\n<div class=\"a_md_txt\">\n<p class=\"\">El choque de dos trenes del metro de Ciudad de M\u00e9xico ha dejado al menos un muerto y 59 personas heridas este s\u00e1bado, seg\u00fan han informado las autoridades de la capital. El choque ha ocurrido en la L\u00ednea 3 del Metro, entre las estaciones Potrero y La Raza, pasadas las 9.15 de la ma\u00f1ana. El secretario de Gobierno de la capital, Mart\u00ed Batres, ha dicho en un primer momento que entre los heridos hab\u00eda \u201ccuatro personas vivas, prensadas\u201d que estaban siendo rescatadas.<\/p>\n<p class=\"\">La jefa de Gobierno, Claudia Sheinbaum, y el jefe de polic\u00eda de la capital, Omar Garc\u00eda Harfuch, han aclarado poco despu\u00e9s que los servicios de emergencia ya han liberado a los cuatro. Sheinbaum estaba de visita en Michoac\u00e1n este s\u00e1bado. El gabinete de comunicaci\u00f3n de Ciudad de M\u00e9xico ha informado de que el gobernador de aquel Estado, Alfredo Ram\u00edrez Bedolla, le ha prestado un helic\u00f3ptero para volver con celeridad. Pasado el mediod\u00eda, Sheinbaum ha informado de que ya estaba en el lugar del accidente.<\/p>\n<p class=\"\">El accidente ha ocurrido en un punto del recorrido en que las v\u00edas del tren dejan la superficie y se meten bajo tierra. A trav\u00e9s del tajo que han realizado en una valla, personal de Protecci\u00f3n Civil entra y sale del t\u00fanel con herramientas y escombros. En la superficie, funcionarios del Gobierno local han instalado un templete donde va a tener lugar la conferencia de prensa de la propia Sheinbaum. Personal de bomberos, Guardia Nacional, Ej\u00e9rcito y la secretar\u00eda de Seguridad P\u00fablica custodian la zona. Las caras largas, el silencio y un aire de tensi\u00f3n flotan en el ambiente, mientras la cifra de heridos sigue aumentando en las primeras horas de la tarde.<\/p>\n<p class=\"\">Garc\u00eda Harfuch ha atendido a los medios en el lugar del siniestro, junto al secretario Batres. Harfuch ha dicho: \u201cAhorita se est\u00e1 determinando la causa del accidente por personal del metro y por peritos de la Fiscal\u00eda. No queremos especular. Se ha evacuado la totalidad del tren, la mayor\u00eda de los lesionados salieron por su propio pie\u201d. Garc\u00eda Harfuch ha informado de que la persona fallecida es una mujer joven, sin dar m\u00e1s detalles de momento.<\/p>\n<p class=\"\">En mensajes publicados en Twitter, el jefe de polic\u00eda y el servicio p\u00fablico de monitoreo C-5 han desvelado los nombres, la edad y el hospital al que han sido trasladados los heridos. La mayor\u00eda llegaron al centro m\u00e9dico San Angel\u00edn Chapultepec. En un comunicado, la Fiscal\u00eda de Ciudad de M\u00e9xico ha informado de que ha abierto una investigaci\u00f3n para determinar las causas del accidente.<\/p>\n<p class=\"\">El presidente, Andr\u00e9s Manuel L\u00f3pez Obrador, tambi\u00e9n se ha referido al asunto en redes sociales. En dos mensajes publicados en Twitter, el mandatario ha dicho: \u201cLamento el accidente en el Metro de la Ciudad de M\u00e9xico. Seg\u00fan me informan, desgraciadamente perdi\u00f3 la vida una persona y hay varios heridos. Mis condolencias y mi solidaridad\u201d.El metro de Ciudad de M\u00e9xico ha enfrentado diferentes siniestros estos a\u00f1os.\u00a0Al brutal accidente ocurrido en mayo de 2021\u00a0en la l\u00ednea 12, que dej\u00f3 26 muertos y un centenar de heridos, acompa\u00f1a otro, unos meses antes, en la parada Tacubaya de la L\u00ednea 1. Entonces, una persona muri\u00f3 y otras 41 resultaron heridas. El sistema pide a gritos una modernizaci\u00f3n, situaci\u00f3n que apela a las autoridades. El a\u00f1o pasado, la misma Sheinbaum anunci\u00f3 el cierre de la L\u00ednea 1 por reformas. En diciembre, la jefa de Gobierno reconoci\u00f3 los problemas de la L\u00ednea 3. \u201cA veces tiene problemas mayores, tiene que ver con la edad de la propia l\u00ednea\u201d, dijo.<\/p>\n<\/div>\n<\/div>\n","protected":false},"excerpt":{"rendered":"<p>La jefa de Gobierno, Claudia Sheinbaum, informa de que las cuatro personas que hab\u00edan quedado&#8230;<\/p>\n","protected":false},"author":1,"featured_media":11507,"comment_status":"open","ping_status":"closed","sticky":false,"template":"","format":"standard","meta":{"footnotes":""},"categories":[2],"tags":[],"class_list":["post-11505","post","type-post","status-publish","format-standard","has-post-thumbnail","hentry","category-nacional"],"_links":{"self":[{"href":"https:\/\/newsqr.com.mx\/index.php?rest_route=\/wp\/v2\/posts\/11505","targetHints":{"allow":["GET"]}}],"collection":[{"href":"https:\/\/newsqr.com.mx\/index.php?rest_route=\/wp\/v2\/posts"}],"about":[{"href":"https:\/\/newsqr.com.mx\/index.php?rest_route=\/wp\/v2\/types\/post"}],"author":[{"embeddable":true,"href":"https:\/\/newsqr.com.mx\/index.php?rest_route=\/wp\/v2\/users\/1"}],"replies":[{"embeddable":true,"href":"https:\/\/newsqr.com.mx\/index.php?rest_route=%2Fwp%2Fv2%2Fcomments&post=11505"}],"version-history":[{"count":0,"href":"https:\/\/newsqr.com.mx\/index.php?rest_route=\/wp\/v2\/posts\/11505\/revisions"}],"wp:featuredmedia":[{"embeddable":true,"href":"https:\/\/newsqr.com.mx\/index.php?rest_route=\/wp\/v2\/media\/11507"}],"wp:attachment":[{"href":"https:\/\/newsqr.com.mx\/index.php?rest_route=%2Fwp%2Fv2%2Fmedia&parent=11505"}],"wp:term":[{"taxonomy":"category","embeddable":true,"href":"https:\/\/newsqr.com.mx\/index.php?rest_route=%2Fwp%2Fv2%2Fcategories&post=11505"},{"taxonomy":"post_tag","embeddable":true,"href":"https:\/\/newsqr.com.mx\/index.php?rest_route=%2Fwp%2Fv2%2Ftags&post=11505"}],"curies":[{"name":"wp","href":"https:\/\/api.w.org\/{rel}","templated":true}]}}