{"id":11610,"date":"2023-01-10T18:06:32","date_gmt":"2023-01-10T23:06:32","guid":{"rendered":"https:\/\/xn--mscarasypolticascozumel-t5b42a.com\/?p=11610"},"modified":"2023-01-10T18:06:32","modified_gmt":"2023-01-10T23:06:32","slug":"cozumel-inaugura-4-casetas-de-policias","status":"publish","type":"post","link":"https:\/\/newsqr.com.mx\/?p=11610","title":{"rendered":"Cozumel inaugura 4 casetas de polic\u00edas"},"content":{"rendered":"<p class=\"ql-align-justify\">Durante la gira para poner en marcha la infraestructura en menci\u00f3n la Presidenta Municipal, Juanita Alonso emiti\u00f3 un mensaje en el que hizo un recuento de las acciones ejercidas en materia de Seguridad P\u00fablica, as\u00ed como las metas\u00a0trazadas, sobresaliendo la uni\u00f3n de voluntades, prevaleciendo el orden, disciplina y lealtad de las y los polic\u00edas. En respuesta a la magn\u00edfica disposici\u00f3n de la corporaci\u00f3n, empe\u00f1\u00f3 la palabra y se les est\u00e1 cumpliendo.<\/p>\n<blockquote class=\"ql-align-justify\"><p>Durante la ceremonia protocolaria inaugural de cuatro de las 14 casetas polic\u00edacas rehabilitadas, la presidenta municipal, Juanita Alonso Marrufo destac\u00f3 que \u201cEstamos dando un paso m\u00e1s, uno de muchos otros que hemos emprendido desde el inicio de la presente administraci\u00f3n municipal, para fortalecer las labores de Seguridad P\u00fablica en nuestra isla\u201d.<\/p><\/blockquote>\n<p class=\"ql-align-justify\">Asimismo, prosigui\u00f3 con la recapitulaci\u00f3n, como la inversi\u00f3n cercana a los 12 millones de pesos para patrullas, con ello duplicando el n\u00famero de parque vehicular en un a\u00f1o de administraci\u00f3n; la gesti\u00f3n ante el Gobierno del Estado para uniformes y adiestramientos b\u00e1sicos que se tradujo en dos millones de pesos,\u00a0la capacitaci\u00f3n en 32 cursos a 196 elementos procurando una formaci\u00f3n integral.<\/p>\n<p class=\"ql-align-justify\">La mandataria cozumele\u00f1a prosigui\u00f3 con el recuento de las acciones en la que destac\u00f3: \u201cNos hemos comprometido con la tropa y estamos cumpliendo\u201d al hablar de los sueldos, salarios y prestaciones que se pagan completas y puntuales, en los que se ha invertido m\u00e1s de 45 millones con recursos propios y del FORTAMUN y en aras de la dignificaci\u00f3n de la labor policial se atendi\u00f3 una a\u00f1eja demanda con la contrataci\u00f3n del seguro de vida por un monto de un mill\u00f3n de pesos.<\/p>\n<p class=\"ql-align-justify\">Asimismo, dese\u00f3 que los espacios se preserven y ayuden a cuidarlos; que unidos, hagamos los parques y plazas p\u00fablicas, los m\u00e1s seguros para que los ni\u00f1os jueguen, que nuestros j\u00f3venes practiquen alguna actividad recreativa y nuestros adultos acudan a dar un paseo.<\/p>\n<blockquote class=\"ql-align-justify\"><p>\u201cPara construir ese entorno, su gobierno municipal est\u00e1 actuando y seguiremos trabajando. Necesitamos de la participaci\u00f3n activa de todos ustedes, no olvidemos que la seguridad, la paz social es responsabilidad de todas y todos. Vamos a mantenernos unidos, pues as\u00ed estamos demostrando con hechos que, unidos somos m\u00e1s grandes\u201d finaliz\u00f3 la edil cozumele\u00f1a.<\/p><\/blockquote>\n<p class=\"ql-align-justify\">En cada una de las casetas que fueron puestas en marcha la presidenta municipal present\u00f3 al polic\u00eda encargado del lugar, invitando a la ciudadan\u00eda a tener la confianza y emitir sus reportes ante este uniformado.<\/p>\n<p class=\"ql-align-justify\">De igual manera representantes de los diversos comit\u00e9s vecinales al hacer uso de la palabra en cada colonia dieron la bienvenida a las autoridades y agradecieron por la rehabilitaci\u00f3n de dichas edificaciones coincidiendo todos en el trabajo corresponsable para beneficio de la ciudadan\u00eda en materia de seguridad.<\/p>\n<p class=\"ql-align-justify\">Por su parte el director de Obras P\u00fablicas, Carlos Daniel Pomol G\u00f3mez estuvo a cargo de la explicaci\u00f3n de motivos en a que detall\u00f3 que la obra civil de las 14 casetas se realiz\u00f3 con recursos del Ramo 33 del Fondo de Aportaciones de Fortalecimiento de los Municipios (FORTAMUN) con una inversi\u00f3n de un mill\u00f3n 616\u00a0mil, 364 pesos y 350 mil adicionales para mobiliario, equipamiento y equipo de comunicaci\u00f3n.<\/p>\n<p class=\"ql-align-justify\">Las casetas inauguradas este lunes est\u00e1n ubicadas en diversos parques ubicados en distintas colonias de la mancha urbana, tal como la Flamingos segunda etapa, San Miguel segunda etapa, Inviqroo Cuzamil y Emiliano Zapata.<\/p>\n","protected":false},"excerpt":{"rendered":"<p>Durante la gira para poner en marcha la infraestructura en menci\u00f3n la Presidenta Municipal, Juanita&#8230;<\/p>\n","protected":false},"author":1,"featured_media":11612,"comment_status":"open","ping_status":"closed","sticky":false,"template":"","format":"standard","meta":{"footnotes":""},"categories":[10],"tags":[],"class_list":["post-11610","post","type-post","status-publish","format-standard","has-post-thumbnail","hentry","category-local"],"_links":{"self":[{"href":"https:\/\/newsqr.com.mx\/index.php?rest_route=\/wp\/v2\/posts\/11610","targetHints":{"allow":["GET"]}}],"collection":[{"href":"https:\/\/newsqr.com.mx\/index.php?rest_route=\/wp\/v2\/posts"}],"about":[{"href":"https:\/\/newsqr.com.mx\/index.php?rest_route=\/wp\/v2\/types\/post"}],"author":[{"embeddable":true,"href":"https:\/\/newsqr.com.mx\/index.php?rest_route=\/wp\/v2\/users\/1"}],"replies":[{"embeddable":true,"href":"https:\/\/newsqr.com.mx\/index.php?rest_route=%2Fwp%2Fv2%2Fcomments&post=11610"}],"version-history":[{"count":0,"href":"https:\/\/newsqr.com.mx\/index.php?rest_route=\/wp\/v2\/posts\/11610\/revisions"}],"wp:featuredmedia":[{"embeddable":true,"href":"https:\/\/newsqr.com.mx\/index.php?rest_route=\/wp\/v2\/media\/11612"}],"wp:attachment":[{"href":"https:\/\/newsqr.com.mx\/index.php?rest_route=%2Fwp%2Fv2%2Fmedia&parent=11610"}],"wp:term":[{"taxonomy":"category","embeddable":true,"href":"https:\/\/newsqr.com.mx\/index.php?rest_route=%2Fwp%2Fv2%2Fcategories&post=11610"},{"taxonomy":"post_tag","embeddable":true,"href":"https:\/\/newsqr.com.mx\/index.php?rest_route=%2Fwp%2Fv2%2Ftags&post=11610"}],"curies":[{"name":"wp","href":"https:\/\/api.w.org\/{rel}","templated":true}]}}