{"id":11655,"date":"2023-01-12T15:41:31","date_gmt":"2023-01-12T20:41:31","guid":{"rendered":"https:\/\/xn--mscarasypolticascozumel-t5b42a.com\/?p=11655"},"modified":"2023-01-12T15:41:31","modified_gmt":"2023-01-12T20:41:31","slug":"va-por-mexico-pacta-para-2024-candidatura-presidencial-del-pan-el-2023-para-pri","status":"publish","type":"post","link":"https:\/\/newsqr.com.mx\/?p=11655","title":{"rendered":"Va por M\u00e9xico pacta para 2024 candidatura presidencial del PAN; el 2023 para PRI"},"content":{"rendered":"<h4 class=\"BlocksPage-subHeadline\" style=\"text-align: center;\">Los candidatos para Coahuila y Edomex ser\u00e1n aspirantes del PRI. El acuerdo incluye que la candidatura CDMX ser\u00e1 para el PAN y una coalici\u00f3n legislativa transexenal.<\/h4>\n<div class=\"AuthorBar\">\n<p>La coalici\u00f3n Va por M\u00e9xico amarr\u00f3 que en 2024 ser\u00e1 un aspirante del partido Acci\u00f3n Nacional (PAN) o de la sociedad civil quien encabece la candidatura presidencial y al gobierno de la ciudad de M\u00e9xico, en tanto que para la contienda del 4 de junio pr\u00f3ximo ser\u00e1n aspirantes pri\u00edstas los abanderados a las gubernaturas del Estado de M\u00e9xico y Coahuila.<\/p>\n<div id=\"dailymotion-instance-02b7a1f4-ff31-012d-13e2-b1f974a6752e\" class=\"dailymotion-player-root dailymotion-player-x9k64\">\n<div class=\"mainWrap\">\n<div class=\"BlocksPage-mainHead\">\n<div class=\"BlockWrap\">\n<article class=\"first-block\">\u201c(Ser\u00e1) completamente abierta la convocatoria a que otras fuerzas pol\u00edticas o de oposici\u00f3n a este gran acuerdo, un escenario favorable con reglas claras para ganar en 2024\u201d, festej\u00f3 el l\u00edder nacional del PAN, Marko Cort\u00e9s, al informar las reglas con las que se reconstruy\u00f3 la nueva coalici\u00f3n, misma que se plantea con caracter de transexenal, pues incluye acuerdos legislativos y de gobierno para el futuro.<\/p>\n<\/article>\n<\/div>\n<\/div>\n<\/div>\n<div class=\"BlocksPage-main\" data-modulewell=\"\">\n<div class=\"blocks\">\n<div class=\"first-block-below\"><\/div>\n<div class=\"GoogleDfpAd-wrap\" data-module=\"\">\n<div id=\"ad-intext-0\">\n<div id=\"browsi_adWrapper_ai_500_ati_1_rc_0\">\n<div id=\"browsi_adContainer_ai_500_ati_1_rc_0\" data-google-query-id=\"CK6QleLxwvwCFYbTvQodmHIE6Q\">\n<p>Acompa\u00f1ado por los l\u00edderes nacionales del revolucionario Institucional (PRI), Alejandro Moreno C\u00e1rdenas, y de la Revoluci\u00f3n Democr\u00e1tica (PRD), Jes\u00fas Zambrano, adem\u00e1s de los coordinadores parlamentarios y precandidatos a las gubernaturas del Estado de M\u00e9xico y Coahuila de los tres partidos, Cort\u00e9s Mendoza hizo el anuncio central y las principales condiciones establecidas.<\/p>\n<p>Explic\u00f3 que se trata de reconstruir la coalici\u00f3n legislativa y construir coalici\u00f3n electoral 2023-2024, pues \u201cla postulaci\u00f3n de candidatos ser\u00e1 parte de un acuerdo integral y vinculante 2023-2024\u201d por lo que ser\u00e1 el PRI el responsable de llevar el proceso de definici\u00f3n de las candidaturas del Estado de M\u00e9xico y Coahuila bajo sus reglas estatutarias.<\/p>\n<p>Al 2024 \u2013dijo- \u201cel PAN y el PRI acordaron que para la presidencia de la Rep\u00fablica y para la jefatura de gobierno de la Ciudad de M\u00e9xico ser\u00e1 el PAN el responsable de llevar el proceso de definici\u00f3n de las candidaturas bajo sus propias reglas democr\u00e1ticas\u201d.<\/p>\n<div class=\"Enhancement\">\n<div class=\"Enhancement-item\" data-enhancementwell=\"\">\n<div class=\"TweetEmbed\">\n<p>Adem\u00e1s, \u201cgarantizar\u00e1 que en esos procesos de definici\u00f3n puedan participar todos los interesados con independencia de que tengan o no una filiaci\u00f3n partidista garantizando as\u00ed la posibilidad de que participe alguien que proceda de la sociedad civil\u201d.<\/p>\n<p>En tanto, para las alcald\u00edas de la ciudad y las gubernaturas y congresos que se disputar\u00e1n en el 2024 se construir\u00e1n de manera conjunta acuerdos.<\/p>\n<p>\u201cNo importa qu\u00e9 partido encabece las postulaciones, dijo Zambrano, se trata de que \u201cempecemos a pavimentar el camino al 2024\u201d.<\/p>\n<p>El l\u00edder del PRI, Alejandro Moreno, defendi\u00f3 la decisi\u00f3n de que sea el PAN el que lleve la candidatura presidencial y de la Ciudad de M\u00e9xico que competir\u00e1n en 2024, pues fue un acuerdo del Consejo Pol\u00edtico Nacional, aclaraci\u00f3n que hizo \u201cporque luego hay muchos pendencieros que entienden otras cosas\u201d.<\/p>\n<p>\u201cHoy le decimos a Morena que ni nos van a doblar, ni nos van a echar para atr\u00e1s\u201d, sostuvo el pri\u00edsta al prever que seguir\u00e1 el \u201cuso faccioso de las instituciones de seguridad e inteligencia pero estamos m\u00e1s firmes y unidos que nunca. No nos vamos a dejar\u201d.<\/p>\n<h2 class=\"cms-Subtitulos-Subtitulo1\">Coalici\u00f3n legislativa<\/h2>\n<p>&nbsp;<\/p>\n<p>Cort\u00e9s indic\u00f3 que el 10 de diciembre el Consejo Nacional del PAN autoriz\u00f3 las negociaciones para una coalici\u00f3n condicionada a tres elementos mismas que ya fueron ratificadas ahora por los tres partidos, de ah\u00ed que hay acuerdo.<\/p>\n<p>Estas son: que se pactara una coalici\u00f3n legislativa con una agenda conjunta que incluya respeto a divisi\u00f3n de poderes, federalismo, defensa de la democracia.<\/p>\n<article id=\"block-1\" class=\"BlocksArticleFirstItem\">\n<div class=\"BlocksArticleFirstItem-body\">\n<p>En esa coalici\u00f3n habr\u00eda \u201cderecho de veto en alguna tem\u00e1tica espec\u00edfica y cuando alguna parte lo solicite ser\u00e1 votado (internamente) por ejemplo para los consejeros electorales del INE o magistrados del Tribunal Electoral del Poder Judicial de la Federaci\u00f3n (TEPJF) siendo acuerdos p\u00fablicos y transparentes\u201d.<\/p>\n<\/div>\n<\/article>\n<div class=\"sidebar\"><\/div>\n<\/div>\n<\/div>\n<\/div>\n<\/div>\n<\/div>\n<\/div>\n<\/div>\n<\/div>\n<\/div>\n<\/div>\n<\/div>\n<div class=\"BlocksPage-bar\"><\/div>\n","protected":false},"excerpt":{"rendered":"<p>Los candidatos para Coahuila y Edomex ser\u00e1n aspirantes del PRI. El acuerdo incluye que la&#8230;<\/p>\n","protected":false},"author":1,"featured_media":11657,"comment_status":"open","ping_status":"closed","sticky":false,"template":"","format":"standard","meta":{"footnotes":""},"categories":[2],"tags":[],"class_list":["post-11655","post","type-post","status-publish","format-standard","has-post-thumbnail","hentry","category-nacional"],"_links":{"self":[{"href":"https:\/\/newsqr.com.mx\/index.php?rest_route=\/wp\/v2\/posts\/11655","targetHints":{"allow":["GET"]}}],"collection":[{"href":"https:\/\/newsqr.com.mx\/index.php?rest_route=\/wp\/v2\/posts"}],"about":[{"href":"https:\/\/newsqr.com.mx\/index.php?rest_route=\/wp\/v2\/types\/post"}],"author":[{"embeddable":true,"href":"https:\/\/newsqr.com.mx\/index.php?rest_route=\/wp\/v2\/users\/1"}],"replies":[{"embeddable":true,"href":"https:\/\/newsqr.com.mx\/index.php?rest_route=%2Fwp%2Fv2%2Fcomments&post=11655"}],"version-history":[{"count":0,"href":"https:\/\/newsqr.com.mx\/index.php?rest_route=\/wp\/v2\/posts\/11655\/revisions"}],"wp:featuredmedia":[{"embeddable":true,"href":"https:\/\/newsqr.com.mx\/index.php?rest_route=\/wp\/v2\/media\/11657"}],"wp:attachment":[{"href":"https:\/\/newsqr.com.mx\/index.php?rest_route=%2Fwp%2Fv2%2Fmedia&parent=11655"}],"wp:term":[{"taxonomy":"category","embeddable":true,"href":"https:\/\/newsqr.com.mx\/index.php?rest_route=%2Fwp%2Fv2%2Fcategories&post=11655"},{"taxonomy":"post_tag","embeddable":true,"href":"https:\/\/newsqr.com.mx\/index.php?rest_route=%2Fwp%2Fv2%2Ftags&post=11655"}],"curies":[{"name":"wp","href":"https:\/\/api.w.org\/{rel}","templated":true}]}}