{"id":11673,"date":"2023-01-13T15:59:05","date_gmt":"2023-01-13T20:59:05","guid":{"rendered":"https:\/\/xn--mscarasypolticascozumel-t5b42a.com\/?p=11673"},"modified":"2023-01-13T15:59:05","modified_gmt":"2023-01-13T20:59:05","slug":"el-fentanilo-marca-la-agenda-bilateral-de-mexico-y-estados-unidos","status":"publish","type":"post","link":"https:\/\/newsqr.com.mx\/?p=11673","title":{"rendered":"El fentanilo marca la agenda bilateral de M\u00e9xico y Estados Unidos"},"content":{"rendered":"<blockquote><p><strong>\u00abAMLO y Biden se unieron para combatir de manera conjunta el tr\u00e1fico de fentanilo y se comprometieron a luchar contra esa droga, que de acuerdo al presidente de los Estados Unidos, ha matado a m\u00e1s de 100 mil estadounidenses en los \u00faltimos a\u00f1os.\u201d<\/strong><\/p><\/blockquote>\n<hr \/>\n<p class=\"has-drop-cap has-medium-font-size\">La relaci\u00f3n entre M\u00e9xico y los Estados Unidos se basa actualmente en tres temas trascendentales: la migraci\u00f3n, la integraci\u00f3n econ\u00f3mica regional y el fentanilo.<\/p>\n<p>Aunque parezca incre\u00edble, esta droga se ha convertido en un eje fundamental de la pol\u00edtica exterior que mantiene el gobierno estadounidense con M\u00e9xico. Incluso es tan relevante, que ocup\u00f3 un papel protag\u00f3nico en la Cumbre de L\u00edderes de Am\u00e9rica del Norte<\/p>\n<p>El fentanilo se ha convertido pr\u00e1cticamente en el enemigo p\u00fablico n\u00famero en los Estados Unidos y M\u00e9xico juega un rol estrat\u00e9gico en esto, ya que son los c\u00e1rteles mexicanos los que se han apoderado del\u00a0 mercado de producci\u00f3n y distribuci\u00f3n de esta droga.<\/p>\n<h4><strong>\u00bfQu\u00e9 es el fentanilo?<\/strong><\/h4>\n<p>De acuerdo a los Centros para el Control y la Prevenci\u00f3n de Enfermedades (CDC) de los Estados Unidos, el fentanilo es \u201cun opioide sint\u00e9tico que es hasta 50 veces m\u00e1s fuerte que la hero\u00edna y 100 veces m\u00e1s fuerte que la morfina\u201d.<\/p>\n<p>Con estas caracter\u00edsticas, es uno de los principales culpables de las \u201csobredosis mortales y no mortales en los EEUU\u201d y es por esto que Joe Biden ha llamado al fentanilo como \u201cuna plaga\u201d.<\/p>\n<p>Seg\u00fan datos de los CDC, esta droga sint\u00e9tica \u201cpuede ser mortal hasta en peque\u00f1as dosis\u201d y \u201cm\u00e1s de 150 personas mueren cada d\u00eda por sobredosis relacionadas con opioides sint\u00e9ticos como el fentanilo\u201d.<\/p>\n<p>Y en 2021 registraron un r\u00e9cord de muertes por sobredosis con 107.622 casos, de los cuales 66% de ellos estuvieron relacionados con el fentanilo.<\/p>\n<p>De ah\u00ed el impacto que ha tenido esta droga en el sistema de salud p\u00fablica estadounidense, pero ahora M\u00e9xico es tambi\u00e9n parte del problema porque son los c\u00e1rteles mexicanos, quienes abastecen el mercado de los Estados Unidos.<\/p>\n<h4><strong>AMLO y Biden juntos contra el fentanilo<\/strong><\/h4>\n<p>Bajo este contexto, tanto Andr\u00e9s Manuel L\u00f3pez Obrador como Joe Biden, aprovecharon la\u00a0 Cumbre de L\u00edderes de Am\u00e9rica del Norte para establecer una ruta conjunta para enfrentar este problema.<\/p>\n<p>De esta manera, AMLO y Biden se unieron para combatir el tr\u00e1fico de fentanilo y se comprometieron a luchar contra esa droga, que de acuerdo al presidente de los Estados Unidos, el fentanilo ha matado a m\u00e1s de 100 mil estadounidenses en los \u00faltimos a\u00f1os.<\/p>\n<p>Los gobiernos de Biden y de L\u00f3pez Obrador, establecieron que su plan se va a centrar en combatir el crimen organizado y sus redes delictivas y acordaron acciones para \u201cfrustar el suministro de los precursores qu\u00edmicos ilegales que se utilizan para producir fentanilo\u201d.<\/p>\n<p>La manera en que AMLO y Biden coincidieron en esta necesidad y por la manera en que lo dijeron a los medios, pareciera que era un tema que ya lo ven\u00edan trabajando desde hace mucho tiempo y que solo\u00a0 faltaba el momento adecuado para hacerlo p\u00fablico.<\/p>\n<h4><strong>Golpe al c\u00e1rtel de Sinaloa<\/strong><\/h4>\n<p>Y aunque no dieron m\u00e1s detalles sobre c\u00f3mo van a realizar estas acciones, seguramente una de las estrategias es ir en contra de los l\u00edderes de los principales c\u00e1rteles mexicanos, entre ellos el de Sinaloa.<\/p>\n<p>En ese sentido, unos d\u00edas antes de la llegada de Biden a M\u00e9xico, las Fuerzas Armadas mexicanas detuvieron a Ovidio Guzm\u00e1n, hijo del \u201cChapo Guzm\u00e1n\u201d y mejor conocido como \u201cEl Rat\u00f3n\u201d, quien adem\u00e1s se le se\u00f1ala como uno de los l\u00edderes del c\u00e1rtel de Sinaloa.<\/p>\n<p>La detenci\u00f3n de Ovidio Guzm\u00e1n provoc\u00f3 escenas de terror la ciudad de Culiac\u00e1n por la ola de violencia de se desat\u00f3. Este operativo dej\u00f3 un saldo de 10 militares muertos, otros 35 heridos y 19 fallecidos de la gente de \u2018El Rat\u00f3n\u2019, seg\u00fan cifras del propio Ej\u00e9rcito mexicano.<\/p>\n<p>Adem\u00e1s, el gobierno de Sinaloa inform\u00f3 que 250 veh\u00edculos fueron robados y quemados en los narcobloqueos que paralizaron Culiac\u00e1n y otras ciudades de Sinaloa.<\/p>\n<p>Y aunque AMLO asegura que la detenci\u00f3n de Ovidio Guzm\u00e1n no tuvo nada que ver con la visita de Biden, \u201cEl Rat\u00f3n\u201d y sus hermanos son de los principales productores de fentanilo en M\u00e9xico, con lo que el mensaje qued\u00f3 muy claro luego de las declaraciones conjuntas de ambos presidentes.<\/p>\n<p>Lo cierto es que con esta detenci\u00f3n se da un duro golpe al tr\u00e1fico de fentanilo para el c\u00e1rtel de Sinaloa, al menos para la facci\u00f3n que maneja \u201cEl Rat\u00f3n\u201d y tambi\u00e9n se establece con esto, que M\u00e9xico est\u00e1 en l\u00ednea con Estados Unidos en la lucha contra del tr\u00e1fico de esta droga altamente adictiva, que marca la agenda bilateral de manera muy especial.<\/p>\n","protected":false},"excerpt":{"rendered":"<p>\u00abAMLO y Biden se unieron para combatir de manera conjunta el tr\u00e1fico de fentanilo y&#8230;<\/p>\n","protected":false},"author":1,"featured_media":11675,"comment_status":"open","ping_status":"closed","sticky":false,"template":"","format":"standard","meta":{"footnotes":""},"categories":[8],"tags":[],"class_list":["post-11673","post","type-post","status-publish","format-standard","has-post-thumbnail","hentry","category-politica"],"_links":{"self":[{"href":"https:\/\/newsqr.com.mx\/index.php?rest_route=\/wp\/v2\/posts\/11673","targetHints":{"allow":["GET"]}}],"collection":[{"href":"https:\/\/newsqr.com.mx\/index.php?rest_route=\/wp\/v2\/posts"}],"about":[{"href":"https:\/\/newsqr.com.mx\/index.php?rest_route=\/wp\/v2\/types\/post"}],"author":[{"embeddable":true,"href":"https:\/\/newsqr.com.mx\/index.php?rest_route=\/wp\/v2\/users\/1"}],"replies":[{"embeddable":true,"href":"https:\/\/newsqr.com.mx\/index.php?rest_route=%2Fwp%2Fv2%2Fcomments&post=11673"}],"version-history":[{"count":0,"href":"https:\/\/newsqr.com.mx\/index.php?rest_route=\/wp\/v2\/posts\/11673\/revisions"}],"wp:featuredmedia":[{"embeddable":true,"href":"https:\/\/newsqr.com.mx\/index.php?rest_route=\/wp\/v2\/media\/11675"}],"wp:attachment":[{"href":"https:\/\/newsqr.com.mx\/index.php?rest_route=%2Fwp%2Fv2%2Fmedia&parent=11673"}],"wp:term":[{"taxonomy":"category","embeddable":true,"href":"https:\/\/newsqr.com.mx\/index.php?rest_route=%2Fwp%2Fv2%2Fcategories&post=11673"},{"taxonomy":"post_tag","embeddable":true,"href":"https:\/\/newsqr.com.mx\/index.php?rest_route=%2Fwp%2Fv2%2Ftags&post=11673"}],"curies":[{"name":"wp","href":"https:\/\/api.w.org\/{rel}","templated":true}]}}