{"id":11682,"date":"2023-01-13T17:05:26","date_gmt":"2023-01-13T22:05:26","guid":{"rendered":"https:\/\/xn--mscarasypolticascozumel-t5b42a.com\/?p=11682"},"modified":"2023-01-13T17:05:26","modified_gmt":"2023-01-13T22:05:26","slug":"presentan-el-carnaval-cozumel-2023","status":"publish","type":"post","link":"https:\/\/newsqr.com.mx\/?p=11682","title":{"rendered":"Presentan el Carnaval Cozumel 2023"},"content":{"rendered":"<h4 class=\"jeg_post_subtitle\" style=\"text-align: center;\">Fue develado el p\u00f3ster oficial de la edici\u00f3n 149 as\u00ed como el programa oficial en el parque Benito Ju\u00e1rez &gt;La fiesta carnavalesca se realizar\u00e1 del 15 al 22 de febrero<\/h4>\n<div class=\"jeg_meta_container\">\n<div class=\"jeg_post_meta jeg_post_meta_1\">\n<p>Bajo el slogan \u201cPorque en el Caribe la tradici\u00f3n siempre se vive\u201d, el parque Benito Ju\u00e1rez luci\u00f3 plet\u00f3rico ante la develaci\u00f3n del p\u00f3ster oficial de la edici\u00f3n 149 del Carnaval, as\u00ed como la presentaci\u00f3n del programa oficial del Carnaval que arranca el 27 de enero al 12 de febrero con los preparativos de la m\u00e1xima fiesta que se llevar\u00e1 a cabo del 15 al 22 de febrero, a la que se suma la gobernadora del estado Mara Lezama Espinosa, para trabajar de manera unida en la consolidaci\u00f3n de nuestras tradiciones, fiestas e identidad.<\/p>\n<p>Previo a dar a conocer las actividades de esta magna fiesta, se extern\u00f3 un agradecimiento, por el apoyo y compromiso de los integrantes del Cabildo y del Comit\u00e9 Organizador para concretar el programa, cartelera, tema musical y p\u00f3ster oficial de la edici\u00f3n 149 del Carnaval 2023.<\/p>\n<p>Se resalt\u00f3 el gran apoyo que nuestra gobernadora Mara Lezama Espinosa, nos brinda desde el Gobierno del Estado de Quintana Roo, que desde un primer instante quiso sumarse para trabajar unidos en la consolidaci\u00f3n de nuestras tradiciones, de nuestras fiestas y nuestra identidad; desde aqu\u00ed le externamos nuestro agradecimiento, y aprovechamos poder reconocerla como una invitada permanente para nuestra fiesta carnavalesca.<\/p>\n<p>Se coment\u00f3 que como una tradici\u00f3n ancestral de Cozumel, el carnaval ha estado presente por casi siglo y medio en la historia de la isla, y como tradici\u00f3n la actual administraci\u00f3n ha procurado tener una asociaci\u00f3n con elementos propios que nos dan identidad, por ello para enmarcar esta celebraci\u00f3n se decidi\u00f3 hacer un especial \u00e9nfasis a los or\u00edgenes, Cozumel en el pasado fue gran productor de pi\u00f1a, fruta que tambi\u00e9n se asocia con el sabor caribe\u00f1o, clima tropical y a los colores del optimismo y felicidad.<\/p>\n<p>Se invit\u00f3 a disfrutar la tradici\u00f3n m\u00e1s importante de Cozumel, con mucho ritmo, sabor y alegr\u00eda. De la misma manera se anunci\u00f3 que Pilo Tejeda y su banda Blanca engalanar\u00e1n la primera noche de pre-carnaval y quien es el autor del tema musical oficial que se escuchar\u00e1 a lo largo de esta festividad.<\/p>\n<\/div>\n<\/div>\n","protected":false},"excerpt":{"rendered":"<p>Fue develado el p\u00f3ster oficial de la edici\u00f3n 149 as\u00ed como el programa oficial en&#8230;<\/p>\n","protected":false},"author":1,"featured_media":11684,"comment_status":"open","ping_status":"closed","sticky":false,"template":"","format":"standard","meta":{"footnotes":""},"categories":[10],"tags":[],"class_list":["post-11682","post","type-post","status-publish","format-standard","has-post-thumbnail","hentry","category-local"],"_links":{"self":[{"href":"https:\/\/newsqr.com.mx\/index.php?rest_route=\/wp\/v2\/posts\/11682","targetHints":{"allow":["GET"]}}],"collection":[{"href":"https:\/\/newsqr.com.mx\/index.php?rest_route=\/wp\/v2\/posts"}],"about":[{"href":"https:\/\/newsqr.com.mx\/index.php?rest_route=\/wp\/v2\/types\/post"}],"author":[{"embeddable":true,"href":"https:\/\/newsqr.com.mx\/index.php?rest_route=\/wp\/v2\/users\/1"}],"replies":[{"embeddable":true,"href":"https:\/\/newsqr.com.mx\/index.php?rest_route=%2Fwp%2Fv2%2Fcomments&post=11682"}],"version-history":[{"count":0,"href":"https:\/\/newsqr.com.mx\/index.php?rest_route=\/wp\/v2\/posts\/11682\/revisions"}],"wp:featuredmedia":[{"embeddable":true,"href":"https:\/\/newsqr.com.mx\/index.php?rest_route=\/wp\/v2\/media\/11684"}],"wp:attachment":[{"href":"https:\/\/newsqr.com.mx\/index.php?rest_route=%2Fwp%2Fv2%2Fmedia&parent=11682"}],"wp:term":[{"taxonomy":"category","embeddable":true,"href":"https:\/\/newsqr.com.mx\/index.php?rest_route=%2Fwp%2Fv2%2Fcategories&post=11682"},{"taxonomy":"post_tag","embeddable":true,"href":"https:\/\/newsqr.com.mx\/index.php?rest_route=%2Fwp%2Fv2%2Ftags&post=11682"}],"curies":[{"name":"wp","href":"https:\/\/api.w.org\/{rel}","templated":true}]}}