{"id":11712,"date":"2023-01-14T12:36:27","date_gmt":"2023-01-14T17:36:27","guid":{"rendered":"https:\/\/xn--mscarasypolticascozumel-t5b42a.com\/?p=11712"},"modified":"2023-01-14T12:36:27","modified_gmt":"2023-01-14T17:36:27","slug":"edomex-nueva-alianza-se-suma-a-va-por-mexico","status":"publish","type":"post","link":"https:\/\/newsqr.com.mx\/?p=11712","title":{"rendered":"Edomex: Nueva Alianza se suma a Va por M\u00e9xico"},"content":{"rendered":"<div><b>El partido local Nueva Alianza\u00a0<\/b>se incorpor\u00f3 a la coalici\u00f3n Va por el Estado de M\u00e9xico, conformada por PRI, PAN y PRD qu\u00e9 ser\u00e1 registrada este s\u00e1bado 14 de enero que termina el plazo para registrar la alianza.<\/div>\n<div><\/div>\n<div>De \u00faltimo momento, esta madrugada,\u00a0<b>Nueva Alianza\u00a0<\/b>dio el s\u00ed a Va por Mexico con lo cual ser\u00e1n cuatro partidos los que se aglutinen para enfrentar a la alianza que encabeza\u00a0<b>Morena<\/b>\u00a0rumbo a los comicios de junio pr\u00f3ximo para renovar la gubernatura del Estado de M\u00e9xico.<\/div>\n<div><\/div>\n<div>\u201cEl partido Nueva Alianza se sum\u00f3 a la Alianza Va por el Estado de M\u00e9xico durante la madrugada de este viernes, por lo que los tr\u00e1mites para registrar la coalici\u00f3n se realizar\u00e1n el s\u00e1bado 14 de enero\u201d, explic\u00f3<\/div>\n<div><\/div>\n<div>En las elecciones del 2021, donde se renovaron las 125 alcald\u00edas, Nueva Alianza obtuvo el 13.6% de la votaci\u00f3n que se tradujeron en 208 mil 500 sufragios, lo que en una elecci\u00f3n cerrada pueden ser determinantes.<\/div>\n<div><\/div>\n<div>En esa ocasi\u00f3n, Nueva Alianza decidi\u00f3 coaligarse con Morena, pero en esta ocasi\u00f3n va con la alianza que encabeza el PRI.<\/div>\n<div><\/div>\n<div>Se espera que Morena tambi\u00e9n registre su alianza por lo menos con el PT pues a\u00fan negocian con el\u00a0<b>PVEM<\/b>.<\/div>\n<div><\/div>\n<div>De acuerdo con los partidos que la integran, la Alianza significa que el\u00a0<b>Estado de M\u00e9xico\u00a0<\/b>-la entidad federativa m\u00e1s grande del pa\u00eds- exige una visi\u00f3n m\u00e1s amplia e incluyente, donde haya unidad, di\u00e1logo, soluciones y resultados.<\/div>\n<div><\/div>\n<div>La pr\u00f3xima elecci\u00f3n ser\u00e1 la m\u00e1s retadora y competida en la historia de la entidad mexiquense donde podr\u00e1n votar 12 millones de mexiquenses.<\/div>\n","protected":false},"excerpt":{"rendered":"<p>El partido local Nueva Alianza\u00a0se incorpor\u00f3 a la coalici\u00f3n Va por el Estado de M\u00e9xico,&#8230;<\/p>\n","protected":false},"author":1,"featured_media":11714,"comment_status":"open","ping_status":"closed","sticky":false,"template":"","format":"standard","meta":{"footnotes":""},"categories":[8],"tags":[],"class_list":["post-11712","post","type-post","status-publish","format-standard","has-post-thumbnail","hentry","category-politica"],"_links":{"self":[{"href":"https:\/\/newsqr.com.mx\/index.php?rest_route=\/wp\/v2\/posts\/11712","targetHints":{"allow":["GET"]}}],"collection":[{"href":"https:\/\/newsqr.com.mx\/index.php?rest_route=\/wp\/v2\/posts"}],"about":[{"href":"https:\/\/newsqr.com.mx\/index.php?rest_route=\/wp\/v2\/types\/post"}],"author":[{"embeddable":true,"href":"https:\/\/newsqr.com.mx\/index.php?rest_route=\/wp\/v2\/users\/1"}],"replies":[{"embeddable":true,"href":"https:\/\/newsqr.com.mx\/index.php?rest_route=%2Fwp%2Fv2%2Fcomments&post=11712"}],"version-history":[{"count":0,"href":"https:\/\/newsqr.com.mx\/index.php?rest_route=\/wp\/v2\/posts\/11712\/revisions"}],"wp:featuredmedia":[{"embeddable":true,"href":"https:\/\/newsqr.com.mx\/index.php?rest_route=\/wp\/v2\/media\/11714"}],"wp:attachment":[{"href":"https:\/\/newsqr.com.mx\/index.php?rest_route=%2Fwp%2Fv2%2Fmedia&parent=11712"}],"wp:term":[{"taxonomy":"category","embeddable":true,"href":"https:\/\/newsqr.com.mx\/index.php?rest_route=%2Fwp%2Fv2%2Fcategories&post=11712"},{"taxonomy":"post_tag","embeddable":true,"href":"https:\/\/newsqr.com.mx\/index.php?rest_route=%2Fwp%2Fv2%2Ftags&post=11712"}],"curies":[{"name":"wp","href":"https:\/\/api.w.org\/{rel}","templated":true}]}}