{"id":11818,"date":"2023-01-17T15:54:42","date_gmt":"2023-01-17T20:54:42","guid":{"rendered":"https:\/\/xn--mscarasypolticascozumel-t5b42a.com\/?p=11818"},"modified":"2023-01-17T15:54:42","modified_gmt":"2023-01-17T20:54:42","slug":"los-incidentes-fuera-de-lo-normal-que-llevaron-al-polemico-despliegue-de-la-guardia-nacional-en-el-metro-de-ciudad-de-mexico","status":"publish","type":"post","link":"https:\/\/newsqr.com.mx\/?p=11818","title":{"rendered":"Los incidentes &quot;fuera de lo normal&quot; que llevaron al pol\u00e9mico despliegue de la Guardia Nacional en el metro de Ciudad de M\u00e9xico"},"content":{"rendered":"<div class=\"bbc-19j92fr ebmt73l0\" dir=\"ltr\">\n<p class=\"bbc-hhl7in e17g058b0\" dir=\"ltr\"><b>El metro de Ciudad de M\u00e9xico encadena un incidente tras otro recientemente y las autoridades optaron por una medida no exenta de pol\u00e9mica para tratar de solucionarlo: recurrir a la Guardia Nacional.<\/b><\/p>\n<\/div>\n<div class=\"bbc-19j92fr ebmt73l0\" dir=\"ltr\">\n<p class=\"bbc-hhl7in e17g058b0\" dir=\"ltr\">El \u00faltimo suceso registrado en esta red de transporte p\u00fablico, que antes de la pandemia daba servicio a unos 4,6 millones de pasajeros al d\u00eda y es esencial para el traslado de muchos mexicanos a sus trabajos, ocurri\u00f3 este mismo domingo cuando dos de los vagones se separaron y hubo que desalojar la estaci\u00f3n de Polanco.<\/p>\n<\/div>\n<div class=\"bbc-19j92fr ebmt73l0\" dir=\"ltr\">\n<p class=\"bbc-hhl7in e17g058b0\" dir=\"ltr\">Pero la lista de incidentes es larga. Por ello, la jefa de gobierno de Ciudad de M\u00e9xico,\u00a0<b>Claudia Sheinbaum,\u00a0<\/b>anunci\u00f3 el pasado jueves el despliegue \u00abpor unos meses\u00bb de\u00a0<b>m\u00e1s de 6.000 agentes de la Guardia Nacional para vigilar la extensa red de metro<\/b>\u00a0y tratar de frenar estos episodios.<\/p>\n<\/div>\n<div class=\"bbc-19j92fr ebmt73l0\" dir=\"ltr\">\n<p class=\"bbc-hhl7in e17g058b0\" dir=\"ltr\">El anuncio, que fue recibido con escepticismo por muchos usuarios que se encontraron desde el fin de semana a agentes uniformados en las estaciones del suburbano, fue criticado por quienes consideran que los siniestros se deben<b>\u00a0a falta de mantenimiento y no a<\/b><b>\u00a0la<\/b><b>\u00a0inseguridad.<\/b><\/p>\n<div class=\"bbc-19j92fr ebmt73l0\" dir=\"ltr\">\n<p class=\"bbc-hhl7in e17g058b0\" dir=\"ltr\">Y ello levant\u00f3 grandes dudas sobre cu\u00e1l ser\u00e1 el papel que podr\u00e1 desempe\u00f1ar la Guardia Nacional ante, por ejemplo, posibles fallas t\u00e9cnicas. Pero las autoridades calificaron algunos de los recientes incidentes como\u00a0<b>\u00abfuera de lo normal\u00bb,<\/b>\u00a0apuntando que podr\u00eda tratarse de sabotajes intencionados, por lo que se justificar\u00eda la presencia de los agentes.<\/p>\n<\/div>\n<div class=\"bbc-1n4f7vm ebmt73l0\" dir=\"ltr\">\n<section class=\"bbc-1tuvzyv etbfg571\" role=\"region\" data-e2e=\"recommendations-heading\" aria-labelledby=\"recommendations-heading\">\n<div class=\"bbc-bjn8wh eveec6k2\">\n<div class=\"bbc-19j92fr ebmt73l0\" dir=\"ltr\">\n<p class=\"bbc-hhl7in e17g058b0\" dir=\"ltr\">Adem\u00e1s, la medida choc\u00f3 con organismos de derechos humanos que aseguran que el despliegue de la Guardia Nacional, un cuerpo dependiente de la Secretar\u00eda de Defensa, supone militarizar un transporte de usuarios civiles, algo que el propio presidente mexicano ha negado.<\/p>\n<\/div>\n<div class=\"etpldq00 bbc-oa9drk ebmt73l0\" dir=\"ltr\">\n<div class=\"bbc-19j92fr ebmt73l0\" dir=\"ltr\">\n<h2 id=\"Largo-historial-de-incidentes\" class=\"bbc-1f03ibc eglt09e0\" tabindex=\"-1\">Largo historial de incidentes<\/h2>\n<\/div>\n<div class=\"bbc-19j92fr ebmt73l0\" dir=\"ltr\">\n<p class=\"bbc-hhl7in e17g058b0\" dir=\"ltr\">El accidente del domingo en Polanco ya est\u00e1 siendo investigado por la Fiscal\u00eda General de Justicia de Ciudad de M\u00e9xico.<\/p>\n<\/div>\n<div class=\"bbc-19j92fr ebmt73l0\" dir=\"ltr\">\n<p class=\"bbc-hhl7in e17g058b0\" dir=\"ltr\">Este lunes, el director del metro,\u00a0<b>Guillermo Calder\u00f3n,<\/b>\u00a0asegur\u00f3 que el tren hab\u00eda pasado por labores de mantenimiento pocos d\u00edas antes y apunt\u00f3 como causa preliminar al hallazgo de un tornillo flojo y otro degollado, algo que calific\u00f3 como un hecho \u00abat\u00edpico\u00bb.<\/p>\n<\/div>\n<div class=\"bbc-19j92fr ebmt73l0\" dir=\"ltr\">\n<p class=\"bbc-hhl7in e17g058b0\" dir=\"ltr\">El mismo domingo, cuando ya la Guardia Nacional estaba operando en su nueva funci\u00f3n de vigilancia del metro, el servicio tuvo que ser detenido moment\u00e1neamente despu\u00e9s de que un objeto met\u00e1lico cayera a la v\u00eda en la estaci\u00f3n Bellas Artes.<\/p>\n<\/div>\n<div class=\"bbc-19j92fr ebmt73l0\" dir=\"ltr\">\n<p class=\"bbc-hhl7in e17g058b0\" dir=\"ltr\">Pero el tema volvi\u00f3 a estar especialmente en el centro de la pol\u00e9mica el pasado 7 de enero, cuando un choque entre dos trenes se sald\u00f3 con la muerte de una joven y decenas de heridos. Sheinbaum revel\u00f3 que la caja negra hab\u00eda sido robada y localizada despu\u00e9s en una camioneta.<\/p>\n<\/div>\n<div class=\"bbc-19j92fr ebmt73l0\" dir=\"ltr\">\n<p class=\"bbc-hhl7in e17g058b0\" dir=\"ltr\">El gobierno municipal calific\u00f3 este lunes de\u00a0<b>\u00abpremeditados y malintencionados\u00bb<\/b>\u00a0estos \u00faltimos incidentes que ya han sido denunciados. \u00abNo se\u00f1alamos a nadie, que la Fiscal\u00eda investigue. Todo nuestro reconocimiento a los trabajadores\u00bb, dijo la jefa de gobierno de la capital mexicana.<\/p>\n<div class=\"bbc-19j92fr ebmt73l0\" dir=\"ltr\">\n<p class=\"bbc-hhl7in e17g058b0\" dir=\"ltr\">Lo cierto es que, casi a diario, usuarios descontentos plasman en redes sociales sus quejas sobre el funcionamiento del suburbano y las m\u00faltiples aver\u00edas que presenta. El pasado mi\u00e9rcoles se registr\u00f3 un fuego en uno de los trenes y, tres d\u00edas antes, la ca\u00edda de un cable el\u00e9ctrico afect\u00f3 temporalmente al servicio.<\/p>\n<\/div>\n<div class=\"bbc-19j92fr ebmt73l0\" dir=\"ltr\">\n<p class=\"bbc-hhl7in e17g058b0\" dir=\"ltr\">Ante las acusaciones de que las fallas puedan deberse a falta de mantenimiento, Sheinbaum asegur\u00f3 que el metro tiene este a\u00f1o m\u00e1s recursos que el anterior, si bien es cierto que el presupuesto fue menor durante la pandemia de covid-19 por la disminuci\u00f3n de usuarios y la comparativa<b>\u00a0no tiene en cuenta la inflaci\u00f3n acumulada cada a\u00f1o.<\/b><\/p>\n<\/div>\n<div class=\"bbc-19j92fr ebmt73l0\" dir=\"ltr\">\n<p class=\"bbc-hhl7in e17g058b0\" dir=\"ltr\">Aunque no descart\u00f3 que el presupuesto pueda reforzarse, la funcionaria record\u00f3 otras importantes inversiones como la modernizaci\u00f3n que concluir\u00e1 este a\u00f1o de la l\u00ednea 1, la m\u00e1s antigua y utilizada en un metro inaugurado en 1969.<\/p>\n<\/div>\n<div class=\"bbc-19j92fr ebmt73l0\" dir=\"ltr\">\n<p class=\"bbc-hhl7in e17g058b0\" dir=\"ltr\">Precisamente este domingo se reinaugur\u00f3 parte de la l\u00ednea 12 que fue cerrada tras el tr\u00e1gico desplome de dos vagones que viajaban por un tramo elevado y que dej\u00f3 26 muertos en 2021, lo que reaviv\u00f3 el debate sobre el mantenimiento y fallas en su construcci\u00f3n.<\/p>\n<div class=\"bbc-19j92fr ebmt73l0\" dir=\"ltr\">\n<p class=\"bbc-hhl7in e17g058b0\" dir=\"ltr\">Ese mismo a\u00f1o, un incendio en un puesto de control se sald\u00f3 con una persona fallecida y dej\u00f3 sin servicio a seis de las l\u00edneas del metro.<\/p>\n<\/div>\n<div class=\"bbc-19j92fr ebmt73l0\" dir=\"ltr\">\n<h2 id=\"Lluvia-de-cr\u00edticas-por-la-militarizaci\u00f3n-del-metro\" class=\"bbc-1f03ibc eglt09e0\" tabindex=\"-1\">Lluvia de cr\u00edticas por la \u00abmilitarizaci\u00f3n\u00bb del metro<\/h2>\n<\/div>\n<div class=\"bbc-19j92fr ebmt73l0\" dir=\"ltr\">\n<p class=\"bbc-hhl7in e17g058b0\" dir=\"ltr\">La supuesta soluci\u00f3n a estos incidentes, el despliegue de la Guardia Nacional en el metro para su vigilancia, aliment\u00f3 la pol\u00e9mica por el creciente poder que el actual gobierno mexicano ha dado a los militares que, m\u00e1s all\u00e1 de la seguridad p\u00fablica, tambi\u00e9n construyen aeropuertos y sistemas ferroviarios.<\/p>\n<\/div>\n<div class=\"bbc-19j92fr ebmt73l0\" dir=\"ltr\">\n<p class=\"bbc-hhl7in e17g058b0\" dir=\"ltr\">Con esta medida \u00abse atenta contra el principio de excepcionalidad, abonando\u00a0<b>al proceso de normalizar la militarizaci\u00f3n del pa\u00eds\u00bb,\u00a0<\/b>critic\u00f3 Amnist\u00eda Internacional en un comunicado.<\/p>\n<div class=\"bbc-19j92fr ebmt73l0\" dir=\"ltr\">\n<p class=\"bbc-hhl7in e17g058b0\" dir=\"ltr\">Seg\u00fan tuite\u00f3 el Centro de Derechos Humanos Miguel Agust\u00edn Pro Ju\u00e1rez, el anuncio \u00abes preocupante, pues es patente que esta corporaci\u00f3n reproduce las inercias castrenses de\u00a0<b>opacidad y uso excesivo de la fuerza.<\/b>\u00a0Llamamos a que se activen mecanismos extraordinarios de supervisi\u00f3n\u00bb.<\/p>\n<\/div>\n<div class=\"bbc-19j92fr ebmt73l0\" dir=\"ltr\">\n<p class=\"bbc-hhl7in e17g058b0\" dir=\"ltr\">La posible aparici\u00f3n de conflictos derivados del trato de estos agentes hacia poblaci\u00f3n civil \u00abes un riesgo que se corre, indudablemente\u00bb, le dice a BBC Mundo el especialista en seguridad\u00a0<b>Javier Oliva,<\/b>\u00a0si bien se\u00f1ala que muchos de ellos est\u00e1n capacitados para planes de auxilio a la poblaci\u00f3n civil en casos de desastres, pese a ser \u00abun contexto diferente\u00bb.<\/p>\n<\/div>\n<div class=\"bbc-19j92fr ebmt73l0\" dir=\"ltr\">\n<p class=\"bbc-hhl7in e17g058b0\" dir=\"ltr\">Otros analistas cuestionaron su preparaci\u00f3n para este desempe\u00f1o incluso en el caso de que estuvi\u00e9ramos ante acciones de sabotaje y no de aver\u00edas por falta de mantenimiento.<\/p>\n<\/div>\n<div class=\"bbc-19j92fr ebmt73l0\" dir=\"ltr\">\n<p class=\"bbc-hhl7in e17g058b0\" dir=\"ltr\">\u00ab\u00bfUn sargento entrenado para combatir se va a ocupar de que los sistemas hidr\u00e1ulicos de un vag\u00f3n hayan sido verificados por los mec\u00e1nicos?\u00bb, se pregunt\u00f3 el columnista del diario Milenio\u00a0<b>Rom\u00e1n Revueltas Retes<\/b>\u00a0en un art\u00edculo titulado \u00ab\u00bfPolic\u00edas en vez de t\u00e9cnicos ferroviarios?\u00bb.<\/p>\n<div class=\"bbc-19j92fr ebmt73l0\" dir=\"ltr\">\n<p class=\"bbc-hhl7in e17g058b0\" dir=\"ltr\">\u00abVer pasar trenes y pasajeros no parece la mejor manera de identificar conspiradores. En todo caso, parecer\u00eda mucho m\u00e1s \u00fatil tener un grupo de investigadores, apuntalados por especialistas t\u00e9cnicos, que pudiera jalar las hebras de los diversos incidentes y dar con los posibles responsables\u00bb, escribi\u00f3 en el diario El Universal el experto en seguridad\u00a0<b>Alejandro Hope.<\/b><\/p>\n<\/div>\n<div class=\"bbc-19j92fr ebmt73l0\" dir=\"ltr\">\n<p class=\"bbc-hhl7in e17g058b0\" dir=\"ltr\">\u00abPero si se considera que se necesita vigilancia adicional, \u00bfpor qu\u00e9 usar a la Guardia Nacional para ese prop\u00f3sito? La Ciudad de M\u00e9xico cuenta con 90,000 polic\u00edas propios\u00bb, agreg\u00f3, a la vez que consider\u00f3 que la decisi\u00f3n responde a fines m\u00e1s pol\u00edticos que operativos.<\/p>\n<\/div>\n<div class=\"bbc-19j92fr ebmt73l0\" dir=\"ltr\">\n<p class=\"bbc-hhl7in e17g058b0\" dir=\"ltr\">\u00abHab\u00eda que ofrecer alg\u00fan tipo de respuesta vistosa, fuese \u00fatil o no para enfrentar la supuesta amenaza. Poner a muchos guardias nacionales a patrullar el sistema encaja en esa l\u00f3gica\u00bb.<\/p>\n<\/div>\n<div class=\"bbc-19j92fr ebmt73l0\" dir=\"ltr\">\n<h2 id=\"Objetivo-de-cuidar-al-pueblo\" class=\"bbc-1f03ibc eglt09e0\" tabindex=\"-1\">Objetivo de \u00abcuidar al pueblo\u00bb<\/h2>\n<\/div>\n<div class=\"bbc-19j92fr ebmt73l0\" dir=\"ltr\">\n<p class=\"bbc-hhl7in e17g058b0\" dir=\"ltr\">El presidente mexicano,\u00a0<b>Andr\u00e9s Manuel L\u00f3pez Obrador,<\/b>\u00a0respondi\u00f3 a estas cr\u00edticas asegurando que el objetivo del despliegue es \u00abcuidar al pueblo\u00bb.<\/p>\n<\/div>\n<div class=\"bbc-19j92fr ebmt73l0\" dir=\"ltr\">\n<p class=\"bbc-hhl7in e17g058b0\" dir=\"ltr\">\u00ab\u00bfQu\u00e9 tal que s\u00ed sean actos provocados y que lo quieran es que suceda una desgracia mayor \u00bfNo lo vamos a evitar porque van a decir que estamos militarizando al pa\u00eds?\u00bb, cuestion\u00f3 la semana pasada.<\/p>\n<\/div>\n<div class=\"bbc-19j92fr ebmt73l0\" dir=\"ltr\">\n<p class=\"bbc-hhl7in e17g058b0\" dir=\"ltr\">\u00abVamos a tener vigilancia y si a eso le llaman militarizaci\u00f3n, o como le llamen,<b>\u00a0asumimos la responsabilidad, porque vale m\u00e1s prevenir que lamentar\u00bb,\u00a0<\/b>agreg\u00f3.<\/p>\n<div class=\"bbc-19j92fr ebmt73l0\" dir=\"ltr\">\n<p class=\"bbc-hhl7in e17g058b0\" dir=\"ltr\">Sheinbaum, por su parte, asegur\u00f3 que la presencia de la Guardia Nacional en el metro es \u00abtotalmente legal\u00bb y defendi\u00f3 que \u00abest\u00e1 para cuidar y para proteger a los usuarios\u00bb.<\/p>\n<\/div>\n<div class=\"bbc-19j92fr ebmt73l0\" dir=\"ltr\">\n<p class=\"bbc-hhl7in e17g058b0\" dir=\"ltr\">\u00abPara todos aquellos que dicen que es una militarizaci\u00f3n del Metro, es absolutamente falso: la Guardia Nacional es una instituci\u00f3n de nuestro pa\u00eds y es tan falso que\u00a0<b>ni siquiera van armados\u00bb,<\/b>\u00a0respondi\u00f3.<\/p>\n<\/div>\n<div class=\"bbc-19j92fr ebmt73l0\" dir=\"ltr\">\n<p class=\"bbc-hhl7in e17g058b0\" dir=\"ltr\">Las autoridades no ofrecieron detalles sobre cu\u00e1les ser\u00e1n las funciones espec\u00edficas de los agentes en el metro salvo que \u00abinhibir\u00e1n acciones en contra de la infraestructura, trenes y usuarios\u00bb como \u00abacci\u00f3n preventiva\u00bb con tareas de \u00abproximidad social\u00bb.<\/p>\n<div class=\"bbc-19j92fr ebmt73l0\" dir=\"ltr\">\n<p class=\"bbc-hhl7in e17g058b0\" dir=\"ltr\">Seg\u00fan el experto Oliva, los agentes se centrar\u00e1n probablemente en situaciones que puedan darse en los andenes como incidentes en los que deban liderar un desalojo de la estaci\u00f3n, por ejemplo. Tambi\u00e9n cree que su presencia podr\u00eda traducirse en una reducci\u00f3n en el n\u00famero de ri\u00f1as entre usuarios o robos de carteristas.<\/p>\n<\/div>\n<div class=\"bbc-19j92fr ebmt73l0\" dir=\"ltr\">\n<p class=\"bbc-hhl7in e17g058b0\" dir=\"ltr\">\u00abPero yo creo que la cuesti\u00f3n de estos accidentes que estamos viendo\u00a0<b>est\u00e1 realmente en los talleres, en las \u00e1reas de mantenimiento de los trenes\u00bb,\u00a0<\/b>asegura a BBC Mundo.<\/p>\n<\/div>\n<div class=\"bbc-19j92fr ebmt73l0\" dir=\"ltr\">\n<p class=\"bbc-hhl7in e17g058b0\" dir=\"ltr\">Sheinbaum afirm\u00f3 este lunes que \u00abla Guardia Nacional est\u00e1 en estos momentos en los andenes y a partir de ayer (domingo) est\u00e1 fuera de los talleres. Y tambi\u00e9n, si es necesario, solicitaremos su presencia en otros lugares\u00bb.<\/p>\n<\/div>\n<div class=\"bbc-19j92fr ebmt73l0\" dir=\"ltr\">\n<p class=\"bbc-hhl7in e17g058b0\" dir=\"ltr\">La estrategia del gobierno tambi\u00e9n contempla el despliegue de unos 50 agentes como \u00abusuarios simulados\u00bb encubiertos entre los pasajeros. Asimismo, trabajar\u00e1n de manera coordinada con los miles de polic\u00edas que ya desempe\u00f1an labores de vigilancia en el sistema de transporte.<\/p>\n<div class=\"bbc-19j92fr ebmt73l0\" dir=\"ltr\">\n<p class=\"bbc-hhl7in e17g058b0\" dir=\"ltr\">Lo cierto es que las explicaciones de las autoridades no frenaron protestas como la organizada por un grupo de personas el pasado viernes bajo el lema \u00abFuera Guardia Nacional del metro\u00bb, que termin\u00f3 con destrozos en parte de las instalaciones.<\/p>\n<\/div>\n<div class=\"bbc-19j92fr ebmt73l0\" dir=\"ltr\">\n<p class=\"bbc-hhl7in e17g058b0\" dir=\"ltr\">Ese mismo d\u00eda, se hizo viral el video de la detenci\u00f3n por parte de la Guardia Nacional de un joven que se manifestaba en el metro contra su presencia. Las autoridades capitalinas informaron que el detenido hab\u00eda realizado pintadas en las instalaciones.<\/p>\n<\/div>\n<div class=\"bbc-19j92fr ebmt73l0\" dir=\"ltr\">\n<p class=\"bbc-hhl7in e17g058b0\" dir=\"ltr\">Sin embargo, el director del metro asegur\u00f3 poco despu\u00e9s que el joven hab\u00eda sido liberado sin ninguna sanci\u00f3n y que<b>\u00a0los responsables de su detenci\u00f3n fueron suspendidos.<\/b><\/p>\n<\/div>\n<\/div>\n<\/div>\n<\/div>\n<\/div>\n<\/div>\n<\/div>\n<\/div>\n<\/div>\n<\/div>\n<\/section>\n<\/div>\n<\/div>\n","protected":false},"excerpt":{"rendered":"<p>El metro de Ciudad de M\u00e9xico encadena un incidente tras otro recientemente y las autoridades&#8230;<\/p>\n","protected":false},"author":1,"featured_media":11820,"comment_status":"open","ping_status":"closed","sticky":false,"template":"","format":"standard","meta":{"footnotes":""},"categories":[2],"tags":[],"class_list":["post-11818","post","type-post","status-publish","format-standard","has-post-thumbnail","hentry","category-nacional"],"_links":{"self":[{"href":"https:\/\/newsqr.com.mx\/index.php?rest_route=\/wp\/v2\/posts\/11818","targetHints":{"allow":["GET"]}}],"collection":[{"href":"https:\/\/newsqr.com.mx\/index.php?rest_route=\/wp\/v2\/posts"}],"about":[{"href":"https:\/\/newsqr.com.mx\/index.php?rest_route=\/wp\/v2\/types\/post"}],"author":[{"embeddable":true,"href":"https:\/\/newsqr.com.mx\/index.php?rest_route=\/wp\/v2\/users\/1"}],"replies":[{"embeddable":true,"href":"https:\/\/newsqr.com.mx\/index.php?rest_route=%2Fwp%2Fv2%2Fcomments&post=11818"}],"version-history":[{"count":0,"href":"https:\/\/newsqr.com.mx\/index.php?rest_route=\/wp\/v2\/posts\/11818\/revisions"}],"wp:featuredmedia":[{"embeddable":true,"href":"https:\/\/newsqr.com.mx\/index.php?rest_route=\/wp\/v2\/media\/11820"}],"wp:attachment":[{"href":"https:\/\/newsqr.com.mx\/index.php?rest_route=%2Fwp%2Fv2%2Fmedia&parent=11818"}],"wp:term":[{"taxonomy":"category","embeddable":true,"href":"https:\/\/newsqr.com.mx\/index.php?rest_route=%2Fwp%2Fv2%2Fcategories&post=11818"},{"taxonomy":"post_tag","embeddable":true,"href":"https:\/\/newsqr.com.mx\/index.php?rest_route=%2Fwp%2Fv2%2Ftags&post=11818"}],"curies":[{"name":"wp","href":"https:\/\/api.w.org\/{rel}","templated":true}]}}