{"id":11827,"date":"2023-01-17T17:19:06","date_gmt":"2023-01-17T22:19:06","guid":{"rendered":"https:\/\/xn--mscarasypolticascozumel-t5b42a.com\/?p=11827"},"modified":"2023-01-17T17:19:06","modified_gmt":"2023-01-17T22:19:06","slug":"reconocen-al-caribe-mexicano-y-a-cozumel-en-los-traveller-awards-entregados-durante-la-feria-internacional-de-turismo-fitur-2023","status":"publish","type":"post","link":"https:\/\/newsqr.com.mx\/?p=11827","title":{"rendered":"RECONOCEN AL CARIBE MEXICANO Y A COZUMEL EN LOS TRAVELLER AWARDS ENTREGADOS DURANTE LA FERIA INTERNACIONAL DE TURISMO FITUR 2023"},"content":{"rendered":"<p>El Caribe Mexicano y la Isla Cozumel fueron reconocidos durante la tercera edici\u00f3n de los premios Traveller Awards otorgados por el suplemento de viaje de la revista Periodista Digital cuya entrega se realiz\u00f3 en el marco de la Feria Internacional de Turismo de Madrid, Fitur 2023.<\/p>\n<p>El Caribe Mexicano fue galardonado como \u201cDestino l\u00edder en turismo de Am\u00e9rica y el Caribe\u201d en tanto que la Isla Cozumel recibi\u00f3 el premio como \u201cMejor destino de buceo\u201d.<\/p>\n<p>Los premios Travellers, se entregan a diversas empresas, personas, pa\u00edses e instituciones que el Consejo Editorial del peri\u00f3dico ha considerado como las que m\u00e1s han contribuido a que el turismo siga siendo un elemento dinamizador de los destinos.<\/p>\n<p>Otros galardonados en esta edici\u00f3n fueron la Comunidad de Madrid por su \u201cgran aporte al turismo\u201d; la empresa espa\u00f1ola MITM Events por ser los \u201cpioneros en la organizaci\u00f3n de Ferias MICE B2B del mundo\u201d; y la ruta tur\u00edstica la Milla de Oro del Vino en Valladolid, Espa\u00f1a, como \u201cMejor destino tur\u00edstico del mundo\u201d.<\/p>\n<p>Por su parte, \u00a0el diputado por Alicante, portavoz de Turismo del Grupo Popular en Congreso de los Diputados e Espa\u00f1a, y Secretario Nacional de Turismo del Partido Popular, Agust\u00edn Almodobar Barcel\u00f3, recibi\u00f3 el premio a la \u201cPersonalidad tur\u00edstica del a\u00f1o\u201d.<\/p>\n<p>La gobernadora de Quintana Roo, Mara Lezama Espinosa, recibi\u00f3 el premio Travellers Awards a nombre del Caribe Mexicano.<\/p>\n<p>\u201cAgradecida con toda la gente que hace posible este galard\u00f3n. Muchos ciudadanos que trabajan todos los d\u00edas 24\/7 para que la gente pueda vivir una gran experiencia en cualquiera de los destinos de Quintana Roo\u201d, destac\u00f3 al recibir el premio<\/p>\n","protected":false},"excerpt":{"rendered":"<p>El Caribe Mexicano y la Isla Cozumel fueron reconocidos durante la tercera edici\u00f3n de los&#8230;<\/p>\n","protected":false},"author":1,"featured_media":11829,"comment_status":"open","ping_status":"closed","sticky":false,"template":"","format":"standard","meta":{"footnotes":""},"categories":[10],"tags":[],"class_list":["post-11827","post","type-post","status-publish","format-standard","has-post-thumbnail","hentry","category-local"],"_links":{"self":[{"href":"https:\/\/newsqr.com.mx\/index.php?rest_route=\/wp\/v2\/posts\/11827","targetHints":{"allow":["GET"]}}],"collection":[{"href":"https:\/\/newsqr.com.mx\/index.php?rest_route=\/wp\/v2\/posts"}],"about":[{"href":"https:\/\/newsqr.com.mx\/index.php?rest_route=\/wp\/v2\/types\/post"}],"author":[{"embeddable":true,"href":"https:\/\/newsqr.com.mx\/index.php?rest_route=\/wp\/v2\/users\/1"}],"replies":[{"embeddable":true,"href":"https:\/\/newsqr.com.mx\/index.php?rest_route=%2Fwp%2Fv2%2Fcomments&post=11827"}],"version-history":[{"count":0,"href":"https:\/\/newsqr.com.mx\/index.php?rest_route=\/wp\/v2\/posts\/11827\/revisions"}],"wp:featuredmedia":[{"embeddable":true,"href":"https:\/\/newsqr.com.mx\/index.php?rest_route=\/wp\/v2\/media\/11829"}],"wp:attachment":[{"href":"https:\/\/newsqr.com.mx\/index.php?rest_route=%2Fwp%2Fv2%2Fmedia&parent=11827"}],"wp:term":[{"taxonomy":"category","embeddable":true,"href":"https:\/\/newsqr.com.mx\/index.php?rest_route=%2Fwp%2Fv2%2Fcategories&post=11827"},{"taxonomy":"post_tag","embeddable":true,"href":"https:\/\/newsqr.com.mx\/index.php?rest_route=%2Fwp%2Fv2%2Ftags&post=11827"}],"curies":[{"name":"wp","href":"https:\/\/api.w.org\/{rel}","templated":true}]}}