{"id":11860,"date":"2023-01-18T15:31:35","date_gmt":"2023-01-18T20:31:35","guid":{"rendered":"https:\/\/xn--mscarasypolticascozumel-t5b42a.com\/?p=11860"},"modified":"2023-01-18T15:31:35","modified_gmt":"2023-01-18T20:31:35","slug":"mexico-revisara-pedido-de-el-chapo-para-regresar-al-pais","status":"publish","type":"post","link":"https:\/\/newsqr.com.mx\/?p=11860","title":{"rendered":"M\u00e9xico revisar\u00e1 pedido de \u201cEl Chapo\u201d para regresar al pa\u00eds"},"content":{"rendered":"<p>El presidente Andr\u00e9s Manuel L\u00f3pez Obrador dijo el mi\u00e9rcoles que el gobierno analizar\u00e1 el pedido que hizo Joaqu\u00edn \u201cEl Chapo\u201d Guzm\u00e1n para ser regresado a M\u00e9xico ante las supuestas condiciones inhumanas en las que se encontrar\u00eda en una prisi\u00f3n estadounidense donde cumple cadena perpetua.<\/p>\n<p>\u201cLo vamos a revisar\u201d, dijo L\u00f3pez Obrador en su conferencia matutina al ser preguntado sobre la petici\u00f3n de Guzm\u00e1n, quien en una carta solicit\u00f3 al mandatario intervenir para frenar las supuestas condiciones degradantes en las vive actualmente en la c\u00e1rcel de m\u00e1xima seguridad ADX Florence, en el estado de Colorado.<\/p>\n<p>El mandatario inform\u00f3 que el narcotraficante hab\u00eda presentado el 10 de enero la solicitud por medios electr\u00f3nicos al embajador de M\u00e9xico en Estados Unidos, Esteban Moctezuma, quien la remiti\u00f3 a la Secretar\u00eda de Relaciones Exteriores.<\/p>\n<p>L\u00f3pez Obrador afirm\u00f3 que se revisar\u00e1 si procede o no la solicitud y agreg\u00f3 que \u201csiempre hay que dejar la puerta abierta cuando se trata de derechos humanos\u201d.<\/p>\n<p>\u201cEl Chapo\u201d, responsable de traficar coca\u00edna y otras drogas a Estados Unidos durante m\u00e1s de 25 a\u00f1os, fue extraditado a ese pa\u00eds en 2017 tras ser capturado un a\u00f1o antes.<\/p>\n<p>El mexicano, de 65 a\u00f1os, se convirti\u00f3 en una leyenda tras fugarse dos veces de la c\u00e1rcel en M\u00e9xico, la segunda mediante un t\u00fanel abierto en el ba\u00f1o de su celda en el penal de El Altiplano, en el estado de M\u00e9xico, donde ahora est\u00e1 recluido su hijo Ovidio Guzm\u00e1n.<\/p>\n<p>&nbsp;<\/p>\n<div class=\"enhancement\" data-click=\"enhancement\" data-align-center=\"\">\n<div id=\"nativo_1\"><\/div>\n<\/div>\n<p>Jos\u00e9 Refugio Rodr\u00edguez N\u00fa\u00f1ez, abogado de \u201cEl Chapo\u201d, dijo la v\u00edspera a una radio local que el capo le hizo llegar un mensaje en el que ped\u00eda a L\u00f3pez Obrador intervenir jur\u00eddicamente para lograr su regreso a M\u00e9xico ante las \u201ccondiciones degradantes e inhumanas\u201d de su reclusi\u00f3n, que incluyen la incomunicaci\u00f3n con su abogado y su familia.<\/p>\n<p>Por a\u00f1os el narcotraficante se ha quejado de sus condiciones de reclusi\u00f3n en Estados Unidos e incluso a mediados de 2022 sus abogados presentaron una demanda contra varias autoridades, entre ellas el fiscal general Merrick Garland y el director de la Oficina de Prisiones.<\/p>\n<p>\u201cHe sufrido mucho en confinamiento solitario. Mi tensi\u00f3n sangu\u00ednea se ha disparado, lo que me provoca dolores de cabeza y ansiedad. A veces me olvido de cosas,\u201d escribi\u00f3 en esa oportunidad Guzm\u00e1n en su demanda.<\/p>\n<p>&nbsp;<\/p>\n<div class=\"enhancement\" data-click=\"enhancement\" data-align-center=\"\">\n<div id=\"nativo_1\"><\/div>\n<\/div>\n<p>En Estados Unidos tambi\u00e9n est\u00e1 detenida la esposa de \u201cEl Chapo\u201d, Emma Coronel.<\/p>\n<p>El abogado sostuvo que el capo fue entregado a las autoridades estadounidenses por el entonces secretario de Relaciones Exteriores, Luis Videgaray, en enero de 2017 sin tener derecho a su garant\u00eda de audiencia.<\/p>\n<p>El canciller mexicano Marcelo Ebrard adelant\u00f3 que no ve\u00eda posible la petici\u00f3n de \u201cEl Chapo\u201d. En declaraciones a los medios dijo que \u201cvamos a ver, pero est\u00e1 cumpliendo una condena all\u00e1, tiene una sentencia\u201d. El canciller precis\u00f3 que el tema ser\u00e1 revisado por la Fiscal\u00eda General de la Rep\u00fablica.<\/p>\n<p>&nbsp;<\/p>\n<div class=\"enhancement\" data-click=\"enhancement\" data-align-center=\"\">\n<div id=\"nativo_1\"><\/div>\n<\/div>\n<p>La petici\u00f3n se dio a conocer pocos d\u00edas despu\u00e9s de que militares mexicanos apresaran en el noroeste del pa\u00eds a Ovidio Guzm\u00e1n, considerado uno de los l\u00edderes de una facci\u00f3n del C\u00e1rtel de Sinaloa.<\/p>\n","protected":false},"excerpt":{"rendered":"<p>El presidente Andr\u00e9s Manuel L\u00f3pez Obrador dijo el mi\u00e9rcoles que el gobierno analizar\u00e1 el pedido&#8230;<\/p>\n","protected":false},"author":1,"featured_media":11862,"comment_status":"open","ping_status":"closed","sticky":false,"template":"","format":"standard","meta":{"footnotes":""},"categories":[2],"tags":[],"class_list":["post-11860","post","type-post","status-publish","format-standard","has-post-thumbnail","hentry","category-nacional"],"_links":{"self":[{"href":"https:\/\/newsqr.com.mx\/index.php?rest_route=\/wp\/v2\/posts\/11860","targetHints":{"allow":["GET"]}}],"collection":[{"href":"https:\/\/newsqr.com.mx\/index.php?rest_route=\/wp\/v2\/posts"}],"about":[{"href":"https:\/\/newsqr.com.mx\/index.php?rest_route=\/wp\/v2\/types\/post"}],"author":[{"embeddable":true,"href":"https:\/\/newsqr.com.mx\/index.php?rest_route=\/wp\/v2\/users\/1"}],"replies":[{"embeddable":true,"href":"https:\/\/newsqr.com.mx\/index.php?rest_route=%2Fwp%2Fv2%2Fcomments&post=11860"}],"version-history":[{"count":0,"href":"https:\/\/newsqr.com.mx\/index.php?rest_route=\/wp\/v2\/posts\/11860\/revisions"}],"wp:featuredmedia":[{"embeddable":true,"href":"https:\/\/newsqr.com.mx\/index.php?rest_route=\/wp\/v2\/media\/11862"}],"wp:attachment":[{"href":"https:\/\/newsqr.com.mx\/index.php?rest_route=%2Fwp%2Fv2%2Fmedia&parent=11860"}],"wp:term":[{"taxonomy":"category","embeddable":true,"href":"https:\/\/newsqr.com.mx\/index.php?rest_route=%2Fwp%2Fv2%2Fcategories&post=11860"},{"taxonomy":"post_tag","embeddable":true,"href":"https:\/\/newsqr.com.mx\/index.php?rest_route=%2Fwp%2Fv2%2Ftags&post=11860"}],"curies":[{"name":"wp","href":"https:\/\/api.w.org\/{rel}","templated":true}]}}