{"id":11910,"date":"2023-01-19T15:31:08","date_gmt":"2023-01-19T20:31:08","guid":{"rendered":"https:\/\/xn--mscarasypolticascozumel-t5b42a.com\/?p=11910"},"modified":"2023-01-19T15:31:08","modified_gmt":"2023-01-19T20:31:08","slug":"sera-arrastrado-mexico-a-la-geopolitica-de-la-otan-global","status":"publish","type":"post","link":"https:\/\/newsqr.com.mx\/?p=11910","title":{"rendered":"\u00bfSer\u00e1 arrastrado M\u00e9xico a la geopol\u00edtica de la OTAN global?"},"content":{"rendered":"<h2><strong>En un mundo donde conflictos comerciales caminan con una estrategia de guerra, tiene su evidencia en la marcha a paso de ganso de Organizaci\u00f3n<\/strong><\/h2>\n<p>La cumbre de\u00a0<strong>M\u00e9xico<\/strong>, Estados Unidos y Canad\u00e1, que dieron en llamar la D\u00e9cima Cumbre de L\u00edderes de Am\u00e9rica del Norte, pas\u00f3 sin pena ni gloria. El encuentro de los presidentes\u00a0<strong>Biden<\/strong>,\u00a0<strong>L\u00f3pez Obrador<\/strong>\u00a0y\u00a0<strong>Trudeau<\/strong>, ocurrido el 10 de enero, no se vio estresado por la situaci\u00f3n estrat\u00e9gica global, esa que importantes especialistas sit\u00faan en las fronteras de una guerra nuclear por la tensi\u00f3n creciente que se desprende de la crisis militar entre Rusia y Ucrania. M\u00e1s bien los tres presidentes lucieron relajados, y acompa\u00f1ados de sus respectivas esposas, disfrutaron de un tour en el Palacio Nacional de la Ciudad de\u00a0<strong>M\u00e9xico<\/strong>, guiado por la esposa de\u00a0<strong>L\u00f3pez Obrador<\/strong>, cargado de momentos chispeantes y de juegos humor\u00edsticos entre las tres parejas. Ofrecieron materia para un reportaje en alguna revista internacional de sociales.<\/p>\n<p>Pero, debajo de las apariencias, se suelen cocinar los peores platillos. El despliegue angloamericano sobre los gobiernos de Am\u00e9rica Latina est\u00e1 guiado por el prop\u00f3sito de impedir y romper toda forma de colaboraci\u00f3n de los pa\u00edses de la regi\u00f3n con China, especialmente con el plan de expansi\u00f3n infraestructural mundial, dise\u00f1ado por la naci\u00f3n asi\u00e1tica, conocido como la Franja y la Ruta, por medio del cual, y en menos de una d\u00e9cada, China lleva invertido cerca de 100 mil millones de d\u00f3lares en la construcci\u00f3n de infraestructura portuaria, ferrocarriles y plantas de generaci\u00f3n el\u00e9ctrica, en algunas naciones latinoamericanas.<\/p>\n<p>En la perspectiva de una globalidad unipolar, resulta intolerable la idea de conjuntar esfuerzos y prop\u00f3sitos internacionales comunes. No hay lugar para la existencia de otras naciones fuertes. La condicionante\u00a0<em>sine qua non<\/em>\u00a0es la subyugaci\u00f3n total al dise\u00f1o soportado en la fuerza que impone reglas y desconoce derechos. A eso se debe la expansi\u00f3n irrefrenable de la\u00a0<strong>OTAN<\/strong>, durante los \u00faltimos 20 a\u00f1os, pasando por encima de compromisos y acuerdos de que no se har\u00eda, una vez disuelto el Pacto de Varsovia y que tampoco se extender\u00eda hac\u00eda el Pac\u00edfico. Ahora se est\u00e1 planteando la incursi\u00f3n del organismo militar trasatl\u00e1ntico en Am\u00e9rica Latina. Se pretende que las naciones latinoamericanas, con gobiernos de izquierda o de derecha, queden atadas a la geopol\u00edtica de la globalidad unipolar.<\/p>\n<p>Para el analista en asuntos latinoamericanos, de la revista\u00a0<em>Executive Inteligence Review\u00a0<\/em>(EIR), Dennis Small, este es un despliegue en torno al cual los poderes financieros internacionales est\u00e1n ejerciendo una presi\u00f3n tremenda sobre los gobernantes latinoamericanos con el cometido de alinearlos a la geopol\u00edtica global. En tal prop\u00f3sito lo que se estimula y en algunos casos se respalda directamente desde los centros de inteligencia angloamericanos, es el debilitamiento de los gobiernos de la regi\u00f3n, atizando procesos de polarizaci\u00f3n pol\u00edtica e inestabilidad social, como los que se est\u00e1n observando de manera franca en las naciones del cono sur, especialmente Brasil, Per\u00fa, Bolivia y Argentina. Y en efecto, en la vieja pol\u00edtica colonial, no pierde vigencia la sentencia del \u00abdivide y vencer\u00e1s\u00bb.<\/p>\n<p>A partir de la firma del\u00a0<strong>TLCAN<\/strong>, a mediados de los a\u00f1os noventa,\u00a0<strong>M\u00e9xico<\/strong>\u00a0qued\u00f3 enganchado a los derroteros geopol\u00edticos angloamericanos. En la din\u00e1mica de los bloques econ\u00f3micos mundiales, al adherirse al bloque norteamericano, el pa\u00eds perdi\u00f3 autodeterminaci\u00f3n en muchos de los renglones relacionados con la pol\u00edtica econ\u00f3mica y comercial. Se impusieron las normas del modelo neoliberal y el pa\u00eds ha navegado por d\u00e9cadas como una barquichuela al lado del acorazado de los Estados Unidos. Los saldos de tal incondicionalidad son incuestionablemente desfavorables, reflejados con intensidad, no solo en la creciente pobreza, sino tambi\u00e9n en el abandono expl\u00edcito de lograr soberan\u00eda industrial y tecnol\u00f3gica.<\/p>\n<p>Por el comportamiento del presidente\u00a0<strong>L\u00f3pez Obrador<\/strong>\u00a0en la cumbre, no parece que est\u00e9 procesando la complejidad relacionada con los objetivos de la pol\u00edtica exterior norteamericana. Se adhiere a la inercia de la pol\u00edtica comercial que se le impuso a\u00a0<strong>M\u00e9xico<\/strong>\u00a0desde la firma del\u00a0<strong>TLCAN<\/strong>, y, en una especie de audacia ingenua, se ofrece ante el Gobierno de\u00a0<strong>Biden<\/strong>\u00a0como el eventual intermediario para que toda Am\u00e9rica Latina quede enfundada en un bloque de libre comercio con los Estados Unidos y Canad\u00e1. Su l\u00f3gica pragm\u00e1tica lo lleva a pensar que el conflicto comercial de Norteam\u00e9rica con China, es una gran oportunidad para que en el escenario de esos afanes competitivos\u00a0<strong>M\u00e9xico<\/strong>\u00a0reciba los mayores beneficios.<\/p>\n<p>Hay ocasiones en que el temor produce sue\u00f1o y embota los sentidos. Es posible que eso alimente la ingenuidad del presidente\u00a0<strong>L\u00f3pez Obrador<\/strong>, quien parece no percatarse de que estamos en un mundo en donde los conflictos comerciales caminan en binomio con una estrategia de guerra, que tiene su evidencia en la marcha a paso de ganso de la\u00a0<strong>OTAN<\/strong>. El mismo 10 de enero en que el presidente\u00a0<strong>L\u00f3pez Obrador<\/strong>, propon\u00eda extender el bloque comercial de Norteam\u00e9rica a todas las am\u00e9ricas, y reconoc\u00eda que\u00a0<strong>Biden<\/strong>\u00a0ten\u00eda la llave para lograrlo, la Uni\u00f3n Europea y la\u00a0<strong>OTAN<\/strong>, firmaron una declaraci\u00f3n conjunta para seguir reforzando su cooperaci\u00f3n en el contexto de la guerra entre Rusia y Ucrania. Una confirmaci\u00f3n de que las alianzas comerciales alentadas por occidente, contienen obligados compromisos de una geopol\u00edtica militarista encaminada a una especie de dictadura global, que todo lo impone por la fuerza y a nombre de la democracia.<\/p>\n<p><strong>M\u00e9xico<\/strong>\u00a0no debe continuar como vag\u00f3n de un ferrocarril que camina hac\u00eda la guerra. A finales de enero de este a\u00f1o, tendr\u00e1 lugar la S\u00e9ptima Cumbre de jefas y jefes de Estado de la Comunidad de Estados Latinoamericanos y Caribe\u00f1os (CELAC), en Argentina, que actualmente tiene su presidencia. Al encuentro est\u00e1 invitado el presidente de China, Xi JinPing. La CELAC ha mantenido una apertura orientada al est\u00edmulo de relaciones comerciales y pol\u00edticas no supeditadas al unipolarismo, ni a la exclusi\u00f3n de sus miembros, e inclinada a acuerdos comerciales que tengan como saldo fundamental el desarrollo y construcci\u00f3n de infraestructura econ\u00f3mica b\u00e1sica para los pa\u00edses de Am\u00e9rica Latina. Ese \u00e1nimo ha entrado en consonancia con el gobierno de China.<\/p>\n<p>El encuentro en Argentina, es una buena oportunidad para que\u00a0<strong>M\u00e9xico<\/strong>\u00a0y el presidente\u00a0<strong>L\u00f3pez Obrador<\/strong>\u00a0agarren ox\u00edgeno, y salgan de los carriles que llevan al pa\u00eds a la zaga de la pol\u00edtica imperial de la\u00a0<strong>OTAN<\/strong>.<\/p>\n","protected":false},"excerpt":{"rendered":"<p>En un mundo donde conflictos comerciales caminan con una estrategia de guerra, tiene su evidencia&#8230;<\/p>\n","protected":false},"author":1,"featured_media":11912,"comment_status":"open","ping_status":"closed","sticky":false,"template":"","format":"standard","meta":{"footnotes":""},"categories":[6],"tags":[],"class_list":["post-11910","post","type-post","status-publish","format-standard","has-post-thumbnail","hentry","category-internacional"],"_links":{"self":[{"href":"https:\/\/newsqr.com.mx\/index.php?rest_route=\/wp\/v2\/posts\/11910","targetHints":{"allow":["GET"]}}],"collection":[{"href":"https:\/\/newsqr.com.mx\/index.php?rest_route=\/wp\/v2\/posts"}],"about":[{"href":"https:\/\/newsqr.com.mx\/index.php?rest_route=\/wp\/v2\/types\/post"}],"author":[{"embeddable":true,"href":"https:\/\/newsqr.com.mx\/index.php?rest_route=\/wp\/v2\/users\/1"}],"replies":[{"embeddable":true,"href":"https:\/\/newsqr.com.mx\/index.php?rest_route=%2Fwp%2Fv2%2Fcomments&post=11910"}],"version-history":[{"count":0,"href":"https:\/\/newsqr.com.mx\/index.php?rest_route=\/wp\/v2\/posts\/11910\/revisions"}],"wp:featuredmedia":[{"embeddable":true,"href":"https:\/\/newsqr.com.mx\/index.php?rest_route=\/wp\/v2\/media\/11912"}],"wp:attachment":[{"href":"https:\/\/newsqr.com.mx\/index.php?rest_route=%2Fwp%2Fv2%2Fmedia&parent=11910"}],"wp:term":[{"taxonomy":"category","embeddable":true,"href":"https:\/\/newsqr.com.mx\/index.php?rest_route=%2Fwp%2Fv2%2Fcategories&post=11910"},{"taxonomy":"post_tag","embeddable":true,"href":"https:\/\/newsqr.com.mx\/index.php?rest_route=%2Fwp%2Fv2%2Ftags&post=11910"}],"curies":[{"name":"wp","href":"https:\/\/api.w.org\/{rel}","templated":true}]}}