{"id":11925,"date":"2023-01-19T16:12:42","date_gmt":"2023-01-19T21:12:42","guid":{"rendered":"https:\/\/xn--mscarasypolticascozumel-t5b42a.com\/?p=11925"},"modified":"2023-01-19T16:12:42","modified_gmt":"2023-01-19T21:12:42","slug":"exigen-justicia-tras-la-muerte-de-alumno-en-cozumel","status":"publish","type":"post","link":"https:\/\/newsqr.com.mx\/?p=11925","title":{"rendered":"Exigen justicia tras la muerte de alumno en Cozumel"},"content":{"rendered":"<div>\n<div class=\"row m-b-15\">\n<div class=\"col-xs-12 col-sm-12 col-md-12 col-lg-12\">\n<h4 class=\"introduction\" style=\"text-align: center;\">La madre de Yael asegura que nunca le fue notificada sobre la gravedad de su hijo.<\/h4>\n<\/div>\n<\/div>\n<\/div>\n<div class=\"row m-b-25\">\n<div class=\"col-xs-12 col-sm-12 col-md-12 col-lg-12 info-extra-new\">\n<p>Familiares de Yael N, quien falleci\u00f3 luego de un accidente mientras se\u00a0<strong>encontraba en clases en una secundaria Carlos Monsiv\u00e1is en Cozumel<\/strong>, exigieron que el caso se esclarezca y se finquen responsabilidades para evitar que otro ni\u00f1o corra la misma suerte.<\/p>\n<p>Graciela N, madre del adolescente de 12 a\u00f1os, asegura que a ella\u00a0<strong>nunca se le comunic\u00f3 la gravedad del estado de salud de su hijo hasta que fue hospitalizado<\/strong>.<\/p>\n<p>De igual forma, dijo que la informaci\u00f3n con la que cuenta es que el personal del plantel localizado en el fraccionamiento Altamar, no est\u00e1 capacitado para atender una\u00a0<strong>obstrucci\u00f3n en v\u00edas respiratorias como la que sufri\u00f3 el menor<\/strong>.<\/p>\n<div id=\"div-gpt-ad-inread-63c9a3673a6b1d001315da05\" data-name=\"inread\" data-size=\"[[336,250], [300,250]]\" data-google-query-id=\"CISTwZTG1PwCFRnA4wcdeaoMWA\">\n<div id=\"google_ads_iframe_\/4334274\/inread_0__container__\"><\/div>\n<\/div>\n<p>La madre de la v\u00edctima asegur\u00f3 que\u00a0<strong>hubo una serie de omisiones e incompetencias que impidieron brindar ayuda m\u00e9dica inmediata a su hij<\/strong>o, situaci\u00f3n por la que no debe pasar ninguna otra familia.<\/p>\n<blockquote><p><cite><em>\u201cMi hijo fue bien a la escuela, se levant\u00f3 bien, acomod\u00f3 sus cosas y se fue tranquilamente. Antes de irse me dijo: \u2018nos vemos al rato mam\u00e1\u2019\u201d<\/em><\/cite>, expres\u00f3 la atribulada madre, quien dijo que lo siguiente que supo es que el personal del plantel Carlos Monsiv\u00e1is le llam\u00f3 para decirle que su hijo se sent\u00eda mal, pero nunca le mencionaron que se trataba de un caso grave.<\/p><\/blockquote>\n<h2>Autoridades escolares a\u00fan no dan respuesta<\/h2>\n<p>Hasta el momento, la Secretar\u00eda de Educaci\u00f3n de Quintana Roo (SEQ) y la direcci\u00f3n de Educaci\u00f3n del municipio, la primera ac\u00e9fala desde febrero de 2021, y la segunda a cargo de Irwin Javier Bat\u00fan Alpuche,<strong>\u00a0no han dado a conocer informaci\u00f3n oficial o una postura sobre estos hechos<\/strong>.<\/p>\n<p>El caso del Yael, que ocurri\u00f3 el viernes 13 de enero, ha conmocionado a la poblaci\u00f3n debido a que saca a la luz p\u00fablica que en las escuelas de la isla el\u00a0<strong>personal docente y administrativo no est\u00e1 preparado para hacer frente a un episodio como \u00e9ste<\/strong>.<\/p>\n<div id=\"div-gpt-ad-inread-2-63c9a3673a6b1d001315da05\" data-name=\"inread\" data-size=\"[[336,250], [300,250]]\" data-google-query-id=\"CMe4wZTG1PwCFTbi4wcdjo4BjA\">\n<div id=\"google_ads_iframe_\/4334274\/inread_1__container__\"><\/div>\n<\/div>\n<p>Las autoridades municipales y estatales de educaci\u00f3n no han respondido a las solicitudes de entrevista para conocer si existe un protocolo en los planteles escolares para responder en consecuencia, o de qui\u00e9n es la responsabilidad de capacitar a maestros y administrativos en primeros auxilios y maniobras de resucitaci\u00f3n.<\/p>\n<\/div>\n<\/div>\n","protected":false},"excerpt":{"rendered":"<p>La madre de Yael asegura que nunca le fue notificada sobre la gravedad de su&#8230;<\/p>\n","protected":false},"author":1,"featured_media":11927,"comment_status":"open","ping_status":"closed","sticky":false,"template":"","format":"standard","meta":{"footnotes":""},"categories":[10],"tags":[],"class_list":["post-11925","post","type-post","status-publish","format-standard","has-post-thumbnail","hentry","category-local"],"_links":{"self":[{"href":"https:\/\/newsqr.com.mx\/index.php?rest_route=\/wp\/v2\/posts\/11925","targetHints":{"allow":["GET"]}}],"collection":[{"href":"https:\/\/newsqr.com.mx\/index.php?rest_route=\/wp\/v2\/posts"}],"about":[{"href":"https:\/\/newsqr.com.mx\/index.php?rest_route=\/wp\/v2\/types\/post"}],"author":[{"embeddable":true,"href":"https:\/\/newsqr.com.mx\/index.php?rest_route=\/wp\/v2\/users\/1"}],"replies":[{"embeddable":true,"href":"https:\/\/newsqr.com.mx\/index.php?rest_route=%2Fwp%2Fv2%2Fcomments&post=11925"}],"version-history":[{"count":0,"href":"https:\/\/newsqr.com.mx\/index.php?rest_route=\/wp\/v2\/posts\/11925\/revisions"}],"wp:featuredmedia":[{"embeddable":true,"href":"https:\/\/newsqr.com.mx\/index.php?rest_route=\/wp\/v2\/media\/11927"}],"wp:attachment":[{"href":"https:\/\/newsqr.com.mx\/index.php?rest_route=%2Fwp%2Fv2%2Fmedia&parent=11925"}],"wp:term":[{"taxonomy":"category","embeddable":true,"href":"https:\/\/newsqr.com.mx\/index.php?rest_route=%2Fwp%2Fv2%2Fcategories&post=11925"},{"taxonomy":"post_tag","embeddable":true,"href":"https:\/\/newsqr.com.mx\/index.php?rest_route=%2Fwp%2Fv2%2Ftags&post=11925"}],"curies":[{"name":"wp","href":"https:\/\/api.w.org\/{rel}","templated":true}]}}