{"id":11931,"date":"2023-01-20T17:42:29","date_gmt":"2023-01-20T22:42:29","guid":{"rendered":"https:\/\/xn--mscarasypolticascozumel-t5b42a.com\/?p=11931"},"modified":"2023-01-20T17:42:29","modified_gmt":"2023-01-20T22:42:29","slug":"la-faa-abre-oficina-en-mexico-mientras-el-pais-lucha-por-recuperar-la-categoria-1-de-seguridad-aerea","status":"publish","type":"post","link":"https:\/\/newsqr.com.mx\/?p=11931","title":{"rendered":"La FAA abre oficina en M\u00e9xico; mientras el pa\u00eds lucha por recuperar la categor\u00eda 1 de seguridad a\u00e9rea"},"content":{"rendered":"<p class=\"jsx-3954459878\">La\u00a0<strong>Administraci\u00f3n Federal de Aviaci\u00f3n de Estados Unidos<\/strong>\u00a0(FAA, por sus sigla en ingl\u00e9s) abri\u00f3 oficinas en M\u00e9xico, dijo este viernes en el embajador en el pa\u00eds,\u00a0<strong>Ken Salazar<\/strong>, mientras el gobierno local lucha por recuperar la\u00a0categor\u00eda 1 de seguridad a\u00e9rea\u00a0que otorga esa entidad de la naci\u00f3n vecina.<\/p>\n<div id=\"FIOnDemandWrapper_fiInstance_115565_0_4063029135038082\" class=\"FIOnDemandWrapper\">\n<p class=\"jsx-3954459878 fi-aic_250\">La administraci\u00f3n del presidente\u00a0<strong>Andr\u00e9s Manuel L\u00f3pez Obrador<\/strong>\u00a0sostiene desde hace meses reuniones con la de\u00a0<strong>Joe Biden<\/strong>\u00a0para revertir la rebaja de estatus, que espera recuperar este a\u00f1o y que por ahora impide a las aerol\u00edneas mexicanas sumar nuevos vuelos a Estados Unidos y limita su capacidad de sellar acuerdos comerciales.<\/p>\n<p class=\"jsx-3954459878\">\u00abEs un orgullo anunciar que la Administraci\u00f3n Federal de Aviaci\u00f3n de los Estados Unidos abri\u00f3 por primera vez en su historia una oficina en M\u00e9xico, la cual servir\u00e1 para fortalecer la cooperaci\u00f3n con las autoridades y el sector privado de la industria de la aviaci\u00f3n\u00bb, dijo Salazar.<\/p>\n<p class=\"jsx-3954459878\">\u00abDe esta forma, profundizaremos el di\u00e1logo y el trabajo conjunto para que nuestros pa\u00edses colaboren en materia de aviaci\u00f3n civil\u00bb, agreg\u00f3 el diplom\u00e1tico en un comunicado de prensa en el que no hab\u00eda ninguna referencia directa a la calificaci\u00f3n perdida por M\u00e9xico en mayo de 2021.<\/p>\n<p class=\"jsx-3954459878\">Este a\u00f1o, el Congreso mexicano deber\u00eda analizar tambi\u00e9n una reforma a la ley de aviaci\u00f3n impulsada por L\u00f3pez Obrador para permitir el \u00abcabotaje\u00bb, una pr\u00e1ctica controvertida que permite a las aerol\u00edneas internacionales operar rutas nacionales y que las firmas locales han cuestionado.<\/p>\n<p class=\"jsx-3954459878\">M\u00e1s tarde este viernes, en un mensaje en su cuenta de Twitter, Salazar detall\u00f3 que sostuvo reuniones con directivos de las aerol\u00edneas estadounidenses\u00a0<strong>American Airlines<\/strong>,\u00a0<strong>Delta<\/strong>\u00a0y\u00a0<strong>United<\/strong>, y las mexicanas\u00a0<strong>Aerom\u00e9xico<\/strong>,\u00a0<strong>Viva Aerobus<\/strong>\u00a0y\u00a0<strong>Volaris<\/strong>.<\/p>\n<div class=\"jsx-4054987402\">\n<div id=\"twitter-88\" class=\"ck-twitter\">\n<div class=\"jsx-3150550767\">\n<p class=\"jsx-3954459878 fi-aic_250\">M\u00e9xico es el pa\u00eds con m\u00e1s vuelos desde y hacia Estados Unidos, adem\u00e1s del primer destino de los ciudadanos de ese pa\u00eds, seg\u00fan el comunicado. Uno de cada cuatro estadounidenses que se desplazaron al extranjero lo hicieron hacia alg\u00fan destino mexicano, lo que representa cerca de 13 millones de viajeros.<\/p>\n<\/div>\n<div class=\"jsx-148385675\"><\/div>\n<\/div>\n<\/div>\n<\/div>\n","protected":false},"excerpt":{"rendered":"<p>La\u00a0Administraci\u00f3n Federal de Aviaci\u00f3n de Estados Unidos\u00a0(FAA, por sus sigla en ingl\u00e9s) abri\u00f3 oficinas en&#8230;<\/p>\n","protected":false},"author":1,"featured_media":11933,"comment_status":"open","ping_status":"closed","sticky":false,"template":"","format":"standard","meta":{"footnotes":""},"categories":[2],"tags":[],"class_list":["post-11931","post","type-post","status-publish","format-standard","has-post-thumbnail","hentry","category-nacional"],"_links":{"self":[{"href":"https:\/\/newsqr.com.mx\/index.php?rest_route=\/wp\/v2\/posts\/11931","targetHints":{"allow":["GET"]}}],"collection":[{"href":"https:\/\/newsqr.com.mx\/index.php?rest_route=\/wp\/v2\/posts"}],"about":[{"href":"https:\/\/newsqr.com.mx\/index.php?rest_route=\/wp\/v2\/types\/post"}],"author":[{"embeddable":true,"href":"https:\/\/newsqr.com.mx\/index.php?rest_route=\/wp\/v2\/users\/1"}],"replies":[{"embeddable":true,"href":"https:\/\/newsqr.com.mx\/index.php?rest_route=%2Fwp%2Fv2%2Fcomments&post=11931"}],"version-history":[{"count":0,"href":"https:\/\/newsqr.com.mx\/index.php?rest_route=\/wp\/v2\/posts\/11931\/revisions"}],"wp:featuredmedia":[{"embeddable":true,"href":"https:\/\/newsqr.com.mx\/index.php?rest_route=\/wp\/v2\/media\/11933"}],"wp:attachment":[{"href":"https:\/\/newsqr.com.mx\/index.php?rest_route=%2Fwp%2Fv2%2Fmedia&parent=11931"}],"wp:term":[{"taxonomy":"category","embeddable":true,"href":"https:\/\/newsqr.com.mx\/index.php?rest_route=%2Fwp%2Fv2%2Fcategories&post=11931"},{"taxonomy":"post_tag","embeddable":true,"href":"https:\/\/newsqr.com.mx\/index.php?rest_route=%2Fwp%2Fv2%2Ftags&post=11931"}],"curies":[{"name":"wp","href":"https:\/\/api.w.org\/{rel}","templated":true}]}}