{"id":12009,"date":"2023-01-23T15:48:44","date_gmt":"2023-01-23T20:48:44","guid":{"rendered":"https:\/\/xn--mscarasypolticascozumel-t5b42a.com\/?p=12009"},"modified":"2023-01-23T15:48:44","modified_gmt":"2023-01-23T20:48:44","slug":"el-acuerdo-comercial-con-mexico-esta-en-un-punto-muerto-dice-lasso","status":"publish","type":"post","link":"https:\/\/newsqr.com.mx\/?p=12009","title":{"rendered":"El acuerdo comercial con M\u00e9xico est\u00e1 en un &quot;punto muerto&quot;, dice Lasso"},"content":{"rendered":"<p>El presidente de Ecuador, Guillermo Lasso, estim\u00f3 este domingo que las negociaciones para un acuerdo de libre comercio con M\u00e9xico, con miras a adherirse a la Alianza del Pac\u00edfico, est\u00e1n en un \u00abpunto muerto\u00bb.<\/p>\n<p>El mandatario mexicano, Andr\u00e9s Manuel L\u00f3pez Obrador, \u00abme ha dicho que los productores de banano y camar\u00f3n en M\u00e9xico no quieren que ingrese el camar\u00f3n y el pl\u00e1tano o banano ecuatoriano (&#8230;) Estamos en un punto muerto\u00bb, se\u00f1al\u00f3 Lasso durante una entrevista con un periodista local, difundida por el gobierno.<\/p>\n<p>Ecuador hab\u00eda advertido en diciembre que ser\u00eda \u00abimposible\u00bb firmar un acuerdo de libre comercio con M\u00e9xico si esa naci\u00f3n excluye de los beneficios arancelarios al camar\u00f3n y el banano, sus principales productos de exportaci\u00f3n despu\u00e9s del petr\u00f3leo.<\/p>\n<p>Entre enero y octubre de 2022, las ventas totales de esa fruta alcanzaron los 2.705 millones de d\u00f3lares, y del crust\u00e1ceo, los 6.274 millones, seg\u00fan el banco central ecuatoriano.<\/p>\n<p>Lasso consider\u00f3 que \u00abno es tan grave\u00bb el no tener un acuerdo comercial con M\u00e9xico, pese a que es una de las condiciones para que el pa\u00eds se integre a la Alianza del Pac\u00edfico, un bloque conformado tambi\u00e9n por Colombia, Chile y Per\u00fa.<\/p>\n<p>\u00abEl inter\u00e9s en la Alianza del Pac\u00edfico era el ingreso de Ecuador para poder tener acceso a los mercados asi\u00e1ticos. Hoy lo estamos haciendo de manera directa\u00bb, expres\u00f3 Lasso refiri\u00e9ndose a que su pa\u00eds culmin\u00f3 las negociaciones de un tratado de libre comercio (TLC) con China.<\/p>\n<p>Est\u00e1 previsto que el TLC con Pek\u00edn se firme una vez completadas las formalidades, en los pr\u00f3ximos cuatro meses.<\/p>\n<p>Lasso busca ampliar las relaciones comerciales de Ecuador, por lo que impulsa negociaciones con Corea del Sur, Canad\u00e1, Costa Rica y Estados Unidos, uno de sus principales socios comerciales.<\/p>\n","protected":false},"excerpt":{"rendered":"<p>El presidente de Ecuador, Guillermo Lasso, estim\u00f3 este domingo que las negociaciones para un acuerdo&#8230;<\/p>\n","protected":false},"author":1,"featured_media":12011,"comment_status":"open","ping_status":"closed","sticky":false,"template":"","format":"standard","meta":{"footnotes":""},"categories":[8],"tags":[],"class_list":["post-12009","post","type-post","status-publish","format-standard","has-post-thumbnail","hentry","category-politica"],"_links":{"self":[{"href":"https:\/\/newsqr.com.mx\/index.php?rest_route=\/wp\/v2\/posts\/12009","targetHints":{"allow":["GET"]}}],"collection":[{"href":"https:\/\/newsqr.com.mx\/index.php?rest_route=\/wp\/v2\/posts"}],"about":[{"href":"https:\/\/newsqr.com.mx\/index.php?rest_route=\/wp\/v2\/types\/post"}],"author":[{"embeddable":true,"href":"https:\/\/newsqr.com.mx\/index.php?rest_route=\/wp\/v2\/users\/1"}],"replies":[{"embeddable":true,"href":"https:\/\/newsqr.com.mx\/index.php?rest_route=%2Fwp%2Fv2%2Fcomments&post=12009"}],"version-history":[{"count":0,"href":"https:\/\/newsqr.com.mx\/index.php?rest_route=\/wp\/v2\/posts\/12009\/revisions"}],"wp:featuredmedia":[{"embeddable":true,"href":"https:\/\/newsqr.com.mx\/index.php?rest_route=\/wp\/v2\/media\/12011"}],"wp:attachment":[{"href":"https:\/\/newsqr.com.mx\/index.php?rest_route=%2Fwp%2Fv2%2Fmedia&parent=12009"}],"wp:term":[{"taxonomy":"category","embeddable":true,"href":"https:\/\/newsqr.com.mx\/index.php?rest_route=%2Fwp%2Fv2%2Fcategories&post=12009"},{"taxonomy":"post_tag","embeddable":true,"href":"https:\/\/newsqr.com.mx\/index.php?rest_route=%2Fwp%2Fv2%2Ftags&post=12009"}],"curies":[{"name":"wp","href":"https:\/\/api.w.org\/{rel}","templated":true}]}}