{"id":12087,"date":"2023-01-25T15:35:31","date_gmt":"2023-01-25T20:35:31","guid":{"rendered":"https:\/\/xn--mscarasypolticascozumel-t5b42a.com\/?p=12087"},"modified":"2023-01-25T15:35:31","modified_gmt":"2023-01-25T20:35:31","slug":"mexico-quiere-recuperar-700-millones-de-garcia-luna","status":"publish","type":"post","link":"https:\/\/newsqr.com.mx\/?p=12087","title":{"rendered":"M\u00e9xico quiere recuperar 700 millones de Garc\u00eda Luna"},"content":{"rendered":"<p>M\u00e9xico trabaja en acciones legales para intentar recuperar al menos 700 millones de d\u00f3lares del exsecretario de Seguridad Genaro Garc\u00eda Luna, acusado de recibir sobornos millonarios para proteger al C\u00e1rtel de Sinaloa y cuyo juicio acaba de iniciar en Nueva York.<\/p>\n<p>\u201cLo que s\u00ed nosotros vamos a procurar es recoger el dinero\u201d, explic\u00f3 el martes el presidente Andr\u00e9s Manuel L\u00f3pez Obrador.<\/p>\n<p>Recuperar lo que se podr\u00edan considerar fondos robados al Estado por funcionarios corruptos es uno de los objetivos del gobierno y el dinero del que se pudo haber beneficiado Garc\u00eda Luna por colaborar con el crimen organizado, seg\u00fan los fiscales estadounidenses, podr\u00eda sumar sumar cifras multimillonarias.<\/p>\n<div class=\"enhancement\" data-click=\"enhancement\" data-align-center=\"\"><\/div>\n<p>Garc\u00eda Luna fue el m\u00e1ximo responsable de la seguridad p\u00fablica en M\u00e9xico de 2006 a 2012 durante la presidencia de Felipe Calder\u00f3n pero antes, durante el mandato de Vicente Fox (2000-2006), dirig\u00eda un cuerpo federal de polic\u00eda.<\/p>\n<p>En la primera jornada del juicio un expolic\u00eda que despu\u00e9s se incorpor\u00f3 al C\u00e1rtel de Sinaloa, Sergio Villarreal Barrag\u00e1n, conocido como \u201cEl Grande\u201d, habl\u00f3 de operativos conjuntos del c\u00e1rtel y la polic\u00eda contra grupos criminales antag\u00f3nicos; de c\u00f3mo el exfuncionario advert\u00eda de redadas o que un d\u00eda se llev\u00f3 14 millones de d\u00f3lares en cajas de cart\u00f3n de una bodega repleta de coca\u00edna que la polic\u00eda hab\u00eda incautado al C\u00e1rtel del Golfo y entregado al grupo de Sinaloa.<\/p>\n<p>Seg\u00fan explic\u00f3 L\u00f3pez Obrador ya hay un juicio en Florida para conseguir 700 millones de d\u00f3lares. Los abogados de Garc\u00eda Luna plantearon \u201cque no ten\u00eda M\u00e9xico por qu\u00e9 ir a litigar all\u00e1\u201d. Pero el mandatario indic\u00f3 que un juzgado de este estado le dio la raz\u00f3n al gobierno \u201cy estamos trabajando en eso, 700 millones y otros posibles activos\u201d.<\/p>\n<p>M\u00e9xico tiene una investigaci\u00f3n abierta contra el exsecretario de la que inform\u00f3 cuando fue detenido en Estados Unidos en 2019, pero no se ha hecho p\u00fablico ning\u00fan detalle al respecto.<\/p>\n<p>L\u00f3pez Obrador anunci\u00f3 adem\u00e1s que a partir del martes su conferencia matutina diaria tendr\u00e1 un nuevo espacio para informar sobre todo lo que salga en el juicio porque que no conf\u00eda en los medios tradicionales mexicanos y quiere que todos los posibles c\u00f3mplices mencionados sean expuestos ante la ciudadan\u00eda.<\/p>\n<div class=\"enhancement\" data-click=\"enhancement\" data-align-center=\"\"><\/div>\n<p>Es \u201cun drama judicial\u201d, una \u201ctragicomedia\u201d, dijo. \u201cNo queremos que la gente no se entere\u201d.<\/p>\n<p>El juicio de Garc\u00eda Luna tiene amplias implicaciones ya que no s\u00f3lo era la mano derecha del presidente Calder\u00f3n en la guerra contra los c\u00e1rteles sino el principal aliado de Estados Unidos en la lucha contra el narcotr\u00e1fico, elogiado y galardonado por autoridades de ese pa\u00eds.<\/p>\n<p>L\u00f3pez Obrador ha utilizado el caso para arremeter contra las presidencias anteriores al argumentar que debido a su corrupci\u00f3n los grupos criminales aumentaron su poder y, por ende, la violencia. Pero tambi\u00e9n lo ha usado para criticar la injerencia de Washington en la lucha contra el narcotr\u00e1fico en M\u00e9xico.<\/p>\n","protected":false},"excerpt":{"rendered":"<p>M\u00e9xico trabaja en acciones legales para intentar recuperar al menos 700 millones de d\u00f3lares del&#8230;<\/p>\n","protected":false},"author":1,"featured_media":12089,"comment_status":"open","ping_status":"closed","sticky":false,"template":"","format":"standard","meta":{"footnotes":""},"categories":[8],"tags":[],"class_list":["post-12087","post","type-post","status-publish","format-standard","has-post-thumbnail","hentry","category-politica"],"_links":{"self":[{"href":"https:\/\/newsqr.com.mx\/index.php?rest_route=\/wp\/v2\/posts\/12087","targetHints":{"allow":["GET"]}}],"collection":[{"href":"https:\/\/newsqr.com.mx\/index.php?rest_route=\/wp\/v2\/posts"}],"about":[{"href":"https:\/\/newsqr.com.mx\/index.php?rest_route=\/wp\/v2\/types\/post"}],"author":[{"embeddable":true,"href":"https:\/\/newsqr.com.mx\/index.php?rest_route=\/wp\/v2\/users\/1"}],"replies":[{"embeddable":true,"href":"https:\/\/newsqr.com.mx\/index.php?rest_route=%2Fwp%2Fv2%2Fcomments&post=12087"}],"version-history":[{"count":0,"href":"https:\/\/newsqr.com.mx\/index.php?rest_route=\/wp\/v2\/posts\/12087\/revisions"}],"wp:featuredmedia":[{"embeddable":true,"href":"https:\/\/newsqr.com.mx\/index.php?rest_route=\/wp\/v2\/media\/12089"}],"wp:attachment":[{"href":"https:\/\/newsqr.com.mx\/index.php?rest_route=%2Fwp%2Fv2%2Fmedia&parent=12087"}],"wp:term":[{"taxonomy":"category","embeddable":true,"href":"https:\/\/newsqr.com.mx\/index.php?rest_route=%2Fwp%2Fv2%2Fcategories&post=12087"},{"taxonomy":"post_tag","embeddable":true,"href":"https:\/\/newsqr.com.mx\/index.php?rest_route=%2Fwp%2Fv2%2Ftags&post=12087"}],"curies":[{"name":"wp","href":"https:\/\/api.w.org\/{rel}","templated":true}]}}