{"id":12126,"date":"2023-01-26T15:42:38","date_gmt":"2023-01-26T20:42:38","guid":{"rendered":"https:\/\/xn--mscarasypolticascozumel-t5b42a.com\/?p=12126"},"modified":"2023-01-26T15:42:38","modified_gmt":"2023-01-26T20:42:38","slug":"presidentes-de-colombia-y-mexico-rechazan-el-envio-de-armas-y-tanques-a-ucrania","status":"publish","type":"post","link":"https:\/\/newsqr.com.mx\/?p=12126","title":{"rendered":"Presidentes de Colombia y M\u00e9xico rechazan el env\u00edo de armas y tanques a Ucrania"},"content":{"rendered":"<p>Los presidentes de Colombia y M\u00e9xico han dejado clara su posici\u00f3n sobre la guerra de Rusia en Ucrania: no est\u00e1n de acuerdo con ella, se debe buscar la paz y no participar\u00e1n de ninguna manera en el conflicto b\u00e9lico. Y en su intento de mantenerse alejados de la guerra, e incluso rechazarla, Rusia termin\u00f3 saludando, por separado, su no intromisi\u00f3n a favor de ninguno.<\/p>\n<p>En un momento clave de la guerra de Rusia y Ucrania, en que Occidente ha anunciado que enviar\u00e1 tanques de guerra a Kyiv \u2014Alemania dijo que enviar\u00e1 tanques Leopard 2 y EE.UU., tanques Abrams\u2014 Colombia y M\u00e9xico han rechazado tal medida.<\/p>\n<h2>Lo que dijo Petro sobre las armas a Ucrania<\/h2>\n<p>La primera declaraci\u00f3n en este sentido la dio el presidente de Colombia, Gustavo Petro,\u00a0este martes en su intervenci\u00f3n\u00a0en la Cumbre de Jefes y Jefas de Estado y de Gobierno de la Comunidad de Estados Latinoamericanos y Caribe\u00f1os (Celac). Petro dijo que Colombia tiene armas de fabricaci\u00f3n rusa adquiridas por gobiernos anteriores, y que en \u00abalguna conversaci\u00f3n\u00bb con representantes del Gobierno de Estados Unidos, le pidieron que entregara esas armas para envi\u00e1rselas a Ucrania, a lo que \u00e9l dijo no.<\/p>\n<p>\u00abYo le dije que nuestra constituci\u00f3n tiene como orden, en el terreno internacional, la paz. Y as\u00ed quedara eso como chatarra en Colombia, no entreg\u00e1bamos las armas rusas para que se llevaran eso a Ucrania a seguir una guerra\u00bb,\u00a0dijo Petro\u00a0esta semana en Buenos Aires.<\/p>\n<p>\u00abNo significa que no estemos preocupados por una agresi\u00f3n\u00bb, agreg\u00f3 Petro, asegurando que el camino a seguir debe ser una acusaci\u00f3n ante la Corte Penal Internacional por la invasi\u00f3n de Rusia a Ucrania. \u00abLa agresi\u00f3n debe ser un delito internacional\u00bb, dijo.<\/p>\n<div class=\"outstream\">\n<div id=\"ad_out_vid_01\" class=\"ad\"><\/div>\n<\/div>\n<p>Y, apoyando una salida negociada al conflicto, y diciendo que su apoyo es a la paz, Petro asegur\u00f3 que su gobierno no est\u00e1 alineado con ninguno de los dos pa\u00edses en guerra.<\/p>\n<p>\u00abNo estamos con ninguno. Estamos con la paz. Por eso es que ning\u00fan arma rusa existente hoy inservible va a ser usada en ese conflicto\u00bb, puntualiz\u00f3.<\/p>\n<p>En respuesta, la embajada de Rusia en Colombia \u00abvalor\u00f3\u00bb que el pa\u00eds no entregara armas que fueran destinadas a Ucrania. \u00abConsideramos que tal postura es realista y corresponde plenamente a los intereses nacionales de Colombia\u00bb, coment\u00f3 la embajada rusa, en un tuit.<\/p>\n<h2>Lo que dijo AMLO sobre los tanques alemanes<\/h2>\n<p>Entre tanto, un comentario similar hac\u00eda eco en M\u00e9xico este mi\u00e9rcoles, esta vez rechazando el env\u00edo de tanques Leopard 2 a Ucrania por parte de Alemania.<\/p>\n<p>Un breve comentario del presidente de M\u00e9xico, Andr\u00e9s Manuel L\u00f3pez Obrador, al principio de su habitual rueda de prensa matutina reson\u00f3 en la embajada de Rusia en M\u00e9xico. AMLO, que estaba hablando sobre \u00abel poder\u00bb que tienen los medios de comunicaci\u00f3n sobre los gobiernos, asegur\u00f3 que fue por \u00abpresi\u00f3n\u00bb de estos que Alemania termin\u00f3 enviando tanques de guerra a Ucrania.<\/p>\n<p>\u00abNo quer\u00eda, por ejemplo, Alemania involucrarse mucho en la guerra de Rusia y Ucrania, y en contra de la poblaci\u00f3n de Alemania, o de la mayor\u00eda de los alemanes, decide el gobierno mandar m\u00e1s armas a Ucrania, por la presi\u00f3n de los medios de comunicaci\u00f3n alemanes\u00bb,\u00a0dijo AMLO este mi\u00e9rcoles.<\/p>\n<p>Las palabras de AMLO le valieron un comentario de la embajada de Rusia en M\u00e9xico en la que agradec\u00eda al mandatario su posici\u00f3n sobre el env\u00edo de armamento a Ucrania.<\/p>\n<p>\u00abAgradecemos a @lopezobrador_ por su posici\u00f3n abierta y clara sobre el suministro de tanques alemanes al territorio de Ucrania. Esperamos que nadie tenga dudas de que actualmente hay un choque directo entre el Occidente libre y Rusia. Usted sabe lo que va a pasar con estos tanques\u00bb, tuite\u00f3 la embajada rusa.<\/p>\n<p>Durante meses,\u00a0L\u00f3pez Obrador ha rechazado la guerra de Rusia en Ucrania\u00a0y ha dicho que la postura de su gobierno es \u00abrechazar, condenar cualquier invasi\u00f3n\u00bb.<\/p>\n<p>En septiembre de 2022, el canciller de M\u00e9xico, Marcelo Ebrard, expuso ante el Consejo de Seguridad de las Naciones Unidas la iniciativa anunciada por L\u00f3pez Obrador para encontrar una soluci\u00f3n a la guerra de Rusia en Ucrania.<\/p>\n<p>Ebrard habl\u00f3\u00a0de un \u00abcomit\u00e9 para el di\u00e1logo y la paz en Ucrania con la participaci\u00f3n de otros jefes de Estado y de Gobierno\u00bb, y dijo que el objetivo ser\u00eda generar nuevos mecanismos para el di\u00e1logo y crear espacios de mediaci\u00f3n \u00abque fomenten la confianza, reduzcan las fricciones y abran el camino hacia una paz duradera\u00bb.<\/p>\n<p>Alemania y Estados Unidos anunciaron esta semana que empezar\u00e1n a enviar tanques de guerra a Ucrania para su lucha contra Rusia.<\/p>\n<p>Como escribi\u00f3 Nick Paton Walsh de CNN, la decisi\u00f3n es muy importante porque \u00aba diferencia de los sistemas sistemas de defensa antia\u00e9rea o los misiles antitanque, no son armas defensivas\u00bb, sino que est\u00e1n pensados para \u00abgolpear con fuerza\u00bb a las tropas rusas en una ofensiva terrestre, algo que hace un a\u00f1o era inimaginable y que ahora puede ser el escalamiento mucho mayor de una guerra en la que Occident eest\u00e1 entrando poco a poco.<\/p>\n","protected":false},"excerpt":{"rendered":"<p>Los presidentes de Colombia y M\u00e9xico han dejado clara su posici\u00f3n sobre la guerra de&#8230;<\/p>\n","protected":false},"author":1,"featured_media":12128,"comment_status":"open","ping_status":"closed","sticky":false,"template":"","format":"standard","meta":{"footnotes":""},"categories":[6],"tags":[],"class_list":["post-12126","post","type-post","status-publish","format-standard","has-post-thumbnail","hentry","category-internacional"],"_links":{"self":[{"href":"https:\/\/newsqr.com.mx\/index.php?rest_route=\/wp\/v2\/posts\/12126","targetHints":{"allow":["GET"]}}],"collection":[{"href":"https:\/\/newsqr.com.mx\/index.php?rest_route=\/wp\/v2\/posts"}],"about":[{"href":"https:\/\/newsqr.com.mx\/index.php?rest_route=\/wp\/v2\/types\/post"}],"author":[{"embeddable":true,"href":"https:\/\/newsqr.com.mx\/index.php?rest_route=\/wp\/v2\/users\/1"}],"replies":[{"embeddable":true,"href":"https:\/\/newsqr.com.mx\/index.php?rest_route=%2Fwp%2Fv2%2Fcomments&post=12126"}],"version-history":[{"count":0,"href":"https:\/\/newsqr.com.mx\/index.php?rest_route=\/wp\/v2\/posts\/12126\/revisions"}],"wp:featuredmedia":[{"embeddable":true,"href":"https:\/\/newsqr.com.mx\/index.php?rest_route=\/wp\/v2\/media\/12128"}],"wp:attachment":[{"href":"https:\/\/newsqr.com.mx\/index.php?rest_route=%2Fwp%2Fv2%2Fmedia&parent=12126"}],"wp:term":[{"taxonomy":"category","embeddable":true,"href":"https:\/\/newsqr.com.mx\/index.php?rest_route=%2Fwp%2Fv2%2Fcategories&post=12126"},{"taxonomy":"post_tag","embeddable":true,"href":"https:\/\/newsqr.com.mx\/index.php?rest_route=%2Fwp%2Fv2%2Ftags&post=12126"}],"curies":[{"name":"wp","href":"https:\/\/api.w.org\/{rel}","templated":true}]}}