{"id":12144,"date":"2023-01-27T16:40:40","date_gmt":"2023-01-27T21:40:40","guid":{"rendered":"https:\/\/xn--mscarasypolticascozumel-t5b42a.com\/?p=12144"},"modified":"2023-01-27T16:40:40","modified_gmt":"2023-01-27T21:40:40","slug":"estados-unidos-volvera-a-albergar-una-copa-america-en-2024","status":"publish","type":"post","link":"https:\/\/newsqr.com.mx\/?p=12144","title":{"rendered":"Estados Unidos volver\u00e1 a albergar una Copa Am\u00e9rica en 2024"},"content":{"rendered":"<header class=\"a_e _g _g-xs\">\n<div class=\"a_e_txt _df\">\n<h4 class=\"a_st\" style=\"text-align: center;\">El torneo incluir\u00e1 seis selecciones de Norteam\u00e9rica, Centroam\u00e9rica y el Caribe, entre ellas M\u00e9xico, que regresa despu\u00e9s de dos ediciones<\/h4>\n<\/div>\n<\/header>\n<div class=\"a_md _g _g-xs \">\n<p class=\"\">El mejor f\u00fatbol de Am\u00e9rica se volver\u00e1 a reunir en Estados Unidos. La Concacaf y la Conmebol han anunciado este viernes que la pr\u00f3xima edici\u00f3n de la\u00a0Copa Am\u00e9rica, en 2024, se realizar\u00e1 en territorio estadounidense y que incluir\u00e1 a seis selecciones de Am\u00e9rica del norte, Centroam\u00e9rica y el Caribe, entre ellas la selecci\u00f3n mexicana. La uni\u00f3n de las federaciones americanas busca allanar el camino rumbo al Mundial de 2026 a organizarse entre M\u00e9xico, EE UU y Canad\u00e1.<\/p>\n<p class=\"\">Ser\u00e1 la segunda vez en la historia en la que el gran torneo de f\u00fatbol americano se juegue en Estados Unidos. La primera ocasi\u00f3n fue en\u00a02016 para celebrar el centenario del certamen, mismo a\u00f1o cuando la selecci\u00f3n mexicana dej\u00f3 de asistir por un conflicto entre Conmebol y Concacaf. El Tri era un asiduo invitado desde la edici\u00f3n de 1993. El conjunto mexicano ha jugado dos finales: 1993 cuando perdi\u00f3 contra Argentina y 2001 cuando cay\u00f3 ante Colombia. Adem\u00e1s, los mexicanos han alcanzado tres terceros lugares (1997, 1999 y 2007). En la edici\u00f3n de 2011 y 2015 el equipo mexicano tuvo que asistir con un equipo alternativo y juvenil ante una petici\u00f3n de Concacaf.<\/p>\n<p class=\"\">M\u00e9xico ve con excesiva entusiasmo el retorno a la Copa Am\u00e9rica. Desde los ochenta y noventa, los jugadores y entrenadores quer\u00edan tener un roce de mayor nivel que el jugado en Norteam\u00e9rica, Centroam\u00e9rica y el Caribe. Tras asistir al torneo sudamericano, los futbolistas mexicanos se mostraron en la vitrina internacional.<\/p>\n<p class=\"\">Fue en 2016, cuando todo el continente americano se uni\u00f3 para celebrar los 100 a\u00f1os del gran torneo sudamericano. Aquella ocasi\u00f3n M\u00e9xico dio una exhibici\u00f3n de bochorno al ser goleado 7-0 frente a Chile, selecci\u00f3n que lleg\u00f3 a la final y le gan\u00f3 a Argentina. Ahora, ser\u00e1 la Albiceleste de Messi la que llega como el campe\u00f3n de la Copa Am\u00e9rica y de la\u00a0Copa del Mundo.<\/p>\n<p class=\"\">El acuerdo entre Conmebol y la Concacaf, adem\u00e1s, impulsar\u00e1 la Copa Oro femenina, jugada en la punta norte del continente. Las cuatro mejores selecciones de Sudam\u00e9rica (Brasil, Colombia, Argentina y Paraguay) se unir\u00e1n a las de EE UU, M\u00e9xico y Canad\u00e1 para este torneo. A nivel de clubes masculinos, habr\u00e1 un torneo entre cuatro equipos, dos por cada federaci\u00f3n.<\/p>\n<\/div>\n","protected":false},"excerpt":{"rendered":"<p>El torneo incluir\u00e1 seis selecciones de Norteam\u00e9rica, Centroam\u00e9rica y el Caribe, entre ellas M\u00e9xico, que&#8230;<\/p>\n","protected":false},"author":1,"featured_media":12146,"comment_status":"open","ping_status":"closed","sticky":false,"template":"","format":"standard","meta":{"footnotes":""},"categories":[5],"tags":[],"class_list":["post-12144","post","type-post","status-publish","format-standard","has-post-thumbnail","hentry","category-deportes"],"_links":{"self":[{"href":"https:\/\/newsqr.com.mx\/index.php?rest_route=\/wp\/v2\/posts\/12144","targetHints":{"allow":["GET"]}}],"collection":[{"href":"https:\/\/newsqr.com.mx\/index.php?rest_route=\/wp\/v2\/posts"}],"about":[{"href":"https:\/\/newsqr.com.mx\/index.php?rest_route=\/wp\/v2\/types\/post"}],"author":[{"embeddable":true,"href":"https:\/\/newsqr.com.mx\/index.php?rest_route=\/wp\/v2\/users\/1"}],"replies":[{"embeddable":true,"href":"https:\/\/newsqr.com.mx\/index.php?rest_route=%2Fwp%2Fv2%2Fcomments&post=12144"}],"version-history":[{"count":0,"href":"https:\/\/newsqr.com.mx\/index.php?rest_route=\/wp\/v2\/posts\/12144\/revisions"}],"wp:featuredmedia":[{"embeddable":true,"href":"https:\/\/newsqr.com.mx\/index.php?rest_route=\/wp\/v2\/media\/12146"}],"wp:attachment":[{"href":"https:\/\/newsqr.com.mx\/index.php?rest_route=%2Fwp%2Fv2%2Fmedia&parent=12144"}],"wp:term":[{"taxonomy":"category","embeddable":true,"href":"https:\/\/newsqr.com.mx\/index.php?rest_route=%2Fwp%2Fv2%2Fcategories&post=12144"},{"taxonomy":"post_tag","embeddable":true,"href":"https:\/\/newsqr.com.mx\/index.php?rest_route=%2Fwp%2Fv2%2Ftags&post=12144"}],"curies":[{"name":"wp","href":"https:\/\/api.w.org\/{rel}","templated":true}]}}