{"id":12153,"date":"2023-01-27T17:03:52","date_gmt":"2023-01-27T22:03:52","guid":{"rendered":"https:\/\/xn--mscarasypolticascozumel-t5b42a.com\/?p=12153"},"modified":"2023-01-27T17:03:52","modified_gmt":"2023-01-27T22:03:52","slug":"cozumel-despierta-interes-de-aerolinea-espanola","status":"publish","type":"post","link":"https:\/\/newsqr.com.mx\/?p=12153","title":{"rendered":"Cozumel despierta inter\u00e9s de aerol\u00ednea espa\u00f1ola"},"content":{"rendered":"<div>\n<div class=\"row m-b-15\">\n<div class=\"col-xs-12 col-sm-12 col-md-12 col-lg-12\">\n<h4 class=\"introduction\" style=\"text-align: center;\">La afluencia tur\u00edstica aumento un 9% y el nicho de cruceros un 8%.<\/h4>\n<\/div>\n<\/div>\n<\/div>\n<div class=\"row m-b-25\">\n<div class=\"col-xs-12 col-sm-12 col-md-12 col-lg-12 info-extra-new\">\n<p>La participaci\u00f3n de Quintana Roo en las ferias internacionales de turismo es vital para dar a conocer cu\u00e1les son las estrategias y en el caso de\u00a0<strong>Cozumel se creci\u00f3 9% en afluencia tur\u00edstica y un 8% en el nicho de cruceros<\/strong>.<\/p>\n<p>Aunque no dio detalles de estos n\u00fameros, Bernardo Cueto Riestra, titular de la Secretar\u00eda de Turismo del estado (Sedetur), afirm\u00f3 que estos n\u00fameros se presentaron en la Fitur y aunque ponder\u00f3 la buena conexi\u00f3n a\u00e9rea que tiene la isla con Estados Unidos y Canad\u00e1, dijo que hay\u00a0<strong>inter\u00e9s de una aerol\u00ednea espa\u00f1ola en colocar un vuelo a Cozumel<\/strong>.<\/p>\n<p>La aerol\u00ednea a la que hizo referencia es Iberojet, cuyos representantes se reunieron con la gobernadora Mara Lezama, aunque acept\u00f3 que todo est\u00e1 a\u00fan en\u00a0<strong><em>\u201cuna aclaraci\u00f3n de intenciones\u201d<\/em>(sic<\/strong>).<\/p>\n<blockquote><p><em><cite>Se evalu\u00f3 la posibilidad de tener conectividad con Espa\u00f1a. Hay una aerol\u00ednea que muestra inter\u00e9s. Estamos trabajando de la mano del municipio y de las autoridades aeroportuarias para buscar las condiciones que permitan un nuevo vuelo y que generamos conectividad desde la isla hacia Europa\u201d<\/cite><\/em>, dijo.<\/p><\/blockquote>\n<p>Por su parte, Juanita Alonso Marrufo, alcaldesa, quien tambi\u00e9n particip\u00f3 en esas juntas, no confirm\u00f3 que exista un plan de promoci\u00f3n\u00a0<strong>dirigida al turismo espa\u00f1ol y europeo<\/strong>, si en corto plazo la compa\u00f1\u00eda a\u00e9rea aceptara dar inicio a este proyecto que tiene ya casi dos a\u00f1os y medio detenido.<\/p>\n<\/div>\n<\/div>\n","protected":false},"excerpt":{"rendered":"<p>La afluencia tur\u00edstica aumento un 9% y el nicho de cruceros un 8%. La participaci\u00f3n&#8230;<\/p>\n","protected":false},"author":1,"featured_media":12155,"comment_status":"open","ping_status":"closed","sticky":false,"template":"","format":"standard","meta":{"footnotes":""},"categories":[10],"tags":[],"class_list":["post-12153","post","type-post","status-publish","format-standard","has-post-thumbnail","hentry","category-local"],"_links":{"self":[{"href":"https:\/\/newsqr.com.mx\/index.php?rest_route=\/wp\/v2\/posts\/12153","targetHints":{"allow":["GET"]}}],"collection":[{"href":"https:\/\/newsqr.com.mx\/index.php?rest_route=\/wp\/v2\/posts"}],"about":[{"href":"https:\/\/newsqr.com.mx\/index.php?rest_route=\/wp\/v2\/types\/post"}],"author":[{"embeddable":true,"href":"https:\/\/newsqr.com.mx\/index.php?rest_route=\/wp\/v2\/users\/1"}],"replies":[{"embeddable":true,"href":"https:\/\/newsqr.com.mx\/index.php?rest_route=%2Fwp%2Fv2%2Fcomments&post=12153"}],"version-history":[{"count":0,"href":"https:\/\/newsqr.com.mx\/index.php?rest_route=\/wp\/v2\/posts\/12153\/revisions"}],"wp:featuredmedia":[{"embeddable":true,"href":"https:\/\/newsqr.com.mx\/index.php?rest_route=\/wp\/v2\/media\/12155"}],"wp:attachment":[{"href":"https:\/\/newsqr.com.mx\/index.php?rest_route=%2Fwp%2Fv2%2Fmedia&parent=12153"}],"wp:term":[{"taxonomy":"category","embeddable":true,"href":"https:\/\/newsqr.com.mx\/index.php?rest_route=%2Fwp%2Fv2%2Fcategories&post=12153"},{"taxonomy":"post_tag","embeddable":true,"href":"https:\/\/newsqr.com.mx\/index.php?rest_route=%2Fwp%2Fv2%2Ftags&post=12153"}],"curies":[{"name":"wp","href":"https:\/\/api.w.org\/{rel}","templated":true}]}}