{"id":12255,"date":"2023-01-30T16:34:42","date_gmt":"2023-01-30T21:34:42","guid":{"rendered":"https:\/\/xn--mscarasypolticascozumel-t5b42a.com\/?p=12255"},"modified":"2023-01-30T16:34:42","modified_gmt":"2023-01-30T21:34:42","slug":"realizan-una-cana-al-aire-primera-velada-musical-de-2023-en-cozumel","status":"publish","type":"post","link":"https:\/\/newsqr.com.mx\/?p=12255","title":{"rendered":"Realizan \u201cuna cana al aire\u201d primera velada musical de 2023 en Cozumel"},"content":{"rendered":"<p><strong>La Fundaci\u00f3n de Parques y Museos de Cozumel (FPMC), llev\u00f3 a cabo la primera edici\u00f3n de este a\u00f1o de su programa mensual Una Noche de Baile \u201cUna Cana al Aire\u201d, que tuvo lugar anoche en la Explanada de la Bandera.<\/strong><\/p>\n<blockquote><p>En un comunicado se dio a conocer que las notas del grupo musical \u201cKarin y su R\u00e1faga de Fuego\u201d que interpret\u00f3 los m\u00e1s variados ritmos musicales agradaron al p\u00fablico local y a los visitantes, tanto mexicanos como extranjeros, que atra\u00eddos por la m\u00fasica se sumaron a esta fiesta popular.<\/p><\/blockquote>\n<p>La \u201cCana al Aire\u201d, es un programa que est\u00e1 a punto de cumplir 30 a\u00f1os de existencia y se realiza el \u00faltimo s\u00e1bado de cada mes, convocando a personas de todas las edades que bailan al ritmo de salsa, merengue, chachach\u00e1, cumbia y otros g\u00e9neros, convirtiendo la Explanada de la Bandera en una gran pista de baila a la orilla del mar, en el malec\u00f3n de Isla Cozumel.<\/p>\n","protected":false},"excerpt":{"rendered":"<p>La Fundaci\u00f3n de Parques y Museos de Cozumel (FPMC), llev\u00f3 a cabo la primera edici\u00f3n&#8230;<\/p>\n","protected":false},"author":1,"featured_media":12257,"comment_status":"open","ping_status":"closed","sticky":false,"template":"","format":"standard","meta":{"footnotes":""},"categories":[10],"tags":[],"class_list":["post-12255","post","type-post","status-publish","format-standard","has-post-thumbnail","hentry","category-local"],"_links":{"self":[{"href":"https:\/\/newsqr.com.mx\/index.php?rest_route=\/wp\/v2\/posts\/12255","targetHints":{"allow":["GET"]}}],"collection":[{"href":"https:\/\/newsqr.com.mx\/index.php?rest_route=\/wp\/v2\/posts"}],"about":[{"href":"https:\/\/newsqr.com.mx\/index.php?rest_route=\/wp\/v2\/types\/post"}],"author":[{"embeddable":true,"href":"https:\/\/newsqr.com.mx\/index.php?rest_route=\/wp\/v2\/users\/1"}],"replies":[{"embeddable":true,"href":"https:\/\/newsqr.com.mx\/index.php?rest_route=%2Fwp%2Fv2%2Fcomments&post=12255"}],"version-history":[{"count":0,"href":"https:\/\/newsqr.com.mx\/index.php?rest_route=\/wp\/v2\/posts\/12255\/revisions"}],"wp:featuredmedia":[{"embeddable":true,"href":"https:\/\/newsqr.com.mx\/index.php?rest_route=\/wp\/v2\/media\/12257"}],"wp:attachment":[{"href":"https:\/\/newsqr.com.mx\/index.php?rest_route=%2Fwp%2Fv2%2Fmedia&parent=12255"}],"wp:term":[{"taxonomy":"category","embeddable":true,"href":"https:\/\/newsqr.com.mx\/index.php?rest_route=%2Fwp%2Fv2%2Fcategories&post=12255"},{"taxonomy":"post_tag","embeddable":true,"href":"https:\/\/newsqr.com.mx\/index.php?rest_route=%2Fwp%2Fv2%2Ftags&post=12255"}],"curies":[{"name":"wp","href":"https:\/\/api.w.org\/{rel}","templated":true}]}}