{"id":12641,"date":"2023-02-11T15:28:14","date_gmt":"2023-02-11T20:28:14","guid":{"rendered":"https:\/\/xn--mscarasypolticascozumel-t5b42a.com\/?p=12641"},"modified":"2023-02-11T15:28:14","modified_gmt":"2023-02-11T20:28:14","slug":"mexico-y-cuba-marchan-juntos-afirma-presidente-diaz-canel","status":"publish","type":"post","link":"https:\/\/newsqr.com.mx\/?p=12641","title":{"rendered":"M\u00e9xico y Cuba marchan juntos, afirma presidente D\u00edaz-Canel"},"content":{"rendered":"<h4 class=\"h2\" style=\"text-align: center;\">El presidente de Cuba afirm\u00f3 que su pa\u00eds ve \u00abcon admiraci\u00f3n e inter\u00e9s\u00bb el amplio proceso transformador que defienden actualmente los mexicanos<\/h4>\n<div class=\"publicidadnueva dfp-contenedor-imagen\">\n<div id=\"dfp-ad-eluniversal_com_mx_responsive_top-wrapper\" class=\"dfp-tag-wrapperNew\">\n<div id=\"div-gpt-ad-8896524-8\" class=\"dfp-tag-wrapperNew\" data-google-query-id=\"CMb-zfGmjv0CFSwjTwgd54EDzw\">\n<p>Tras recibir la condecoraci\u00f3n de la\u00a0<strong>Orden del \u00c1guila Azteca<\/strong>\u00a0de manos del\u00a0<strong>presidente Andr\u00e9s Manuel L\u00f3pez Obrador,<\/strong>\u00a0el\u00a0<strong>mandatario cubano, Miguel D\u00edaz-Canel,\u00a0<\/strong>asegur\u00f3 que hoy, M\u00e9xico y Cuba marchan juntos.<\/p>\n<p>En la zona arqueol\u00f3gica de Edzn\u00e1, en Campeche, el presidente de Cuba afirm\u00f3 que su pa\u00eds ve \u00abcon admiraci\u00f3n e inter\u00e9s\u00bb el amplio proceso transformador que defienden actualmente los mexicanos.<\/p>\n<p>\u00abNuestros pueblos est\u00e1n hermanados m\u00e1s all\u00e1 del idioma, la cultura y la geograf\u00eda, por una tradici\u00f3n de lucha que ha sellado una amistad inquebrantable\u00bb, subray\u00f3.<\/p>\n<p>\u00abNuestros pa\u00edses marchan hoy juntos, consolidando los avances alcanzados en los v\u00ednculos bilaterales y decididos a identificar nuevas oportunidades y proyectos que beneficien a ambos pueblos\u00bb.<\/p>\n<div>\n<p>Miguel D\u00edaz-Canel dijo que en d\u00edas como este, resuenan m\u00e1s las palabras del l\u00edder hist\u00f3rico de la revoluci\u00f3n cubana, Fidel Castro, cuando asegur\u00f3 que \u00abhay en Cuba, con relaci\u00f3n a M\u00e9xico, una tradici\u00f3n de historia y de amistad que no tiene igual con ning\u00fan otro pueblo de Am\u00e9rica Latina\u00bb.<\/p>\n<p>Remarc\u00f3 que recibe la condecoraci\u00f3n que le otorga M\u00e9xico, \u00abcon humildad e infinito agradecimiento, porque soy consciente de que el aut\u00e9ntico merecedor de tan significativo reconocimiento es el noble y heroico pueblo de Cuba\u00bb.<\/p>\n<p>Acompa\u00f1ado por su esposa, Lis Cuesta Peraza, y la comitiva oficial de su pa\u00eds, el mandatario caribe\u00f1o afirm\u00f3 que esta distinci\u00f3n reafirma el compromiso solidario que caracteriza las profundas relaciones entre ambas naciones \u00abayer, hoy y siempre\u00bb.<\/p>\n<p>El jefe de Estado cubano se dijo con suerte de estar en Campeche, porque por momentos le recuerda entra\u00f1ables lugares de su pa\u00eds, \u00aby cuyo gentilicio tiene tanto que ver con el car\u00e1cter de nuestros pueblos\u00bb.<\/p>\n<p>\u00abAs\u00ed campechanamente, se me hace menos dif\u00edcil aceptar este alt\u00edsimo honor: recibir la orden del \u00c1guila Azteca, que simboliza el origen, la identidad y la fortaleza de la siempre entre\u00f1able y admirada naci\u00f3n mexicana\u00bb, expres\u00f3.<\/p>\n<p>Con el Altar de la Gran Acr\u00f3polis de fondo, los presidentes de M\u00e9xico y Cuba sellaron su amistad con un efusivo abrazo.<\/p>\n<\/div>\n<\/div>\n<\/div>\n<\/div>\n","protected":false},"excerpt":{"rendered":"<p>El presidente de Cuba afirm\u00f3 que su pa\u00eds ve \u00abcon admiraci\u00f3n e inter\u00e9s\u00bb el amplio&#8230;<\/p>\n","protected":false},"author":1,"featured_media":12643,"comment_status":"open","ping_status":"closed","sticky":false,"template":"","format":"standard","meta":{"footnotes":""},"categories":[8],"tags":[],"class_list":["post-12641","post","type-post","status-publish","format-standard","has-post-thumbnail","hentry","category-politica"],"_links":{"self":[{"href":"https:\/\/newsqr.com.mx\/index.php?rest_route=\/wp\/v2\/posts\/12641","targetHints":{"allow":["GET"]}}],"collection":[{"href":"https:\/\/newsqr.com.mx\/index.php?rest_route=\/wp\/v2\/posts"}],"about":[{"href":"https:\/\/newsqr.com.mx\/index.php?rest_route=\/wp\/v2\/types\/post"}],"author":[{"embeddable":true,"href":"https:\/\/newsqr.com.mx\/index.php?rest_route=\/wp\/v2\/users\/1"}],"replies":[{"embeddable":true,"href":"https:\/\/newsqr.com.mx\/index.php?rest_route=%2Fwp%2Fv2%2Fcomments&post=12641"}],"version-history":[{"count":0,"href":"https:\/\/newsqr.com.mx\/index.php?rest_route=\/wp\/v2\/posts\/12641\/revisions"}],"wp:featuredmedia":[{"embeddable":true,"href":"https:\/\/newsqr.com.mx\/index.php?rest_route=\/wp\/v2\/media\/12643"}],"wp:attachment":[{"href":"https:\/\/newsqr.com.mx\/index.php?rest_route=%2Fwp%2Fv2%2Fmedia&parent=12641"}],"wp:term":[{"taxonomy":"category","embeddable":true,"href":"https:\/\/newsqr.com.mx\/index.php?rest_route=%2Fwp%2Fv2%2Fcategories&post=12641"},{"taxonomy":"post_tag","embeddable":true,"href":"https:\/\/newsqr.com.mx\/index.php?rest_route=%2Fwp%2Fv2%2Ftags&post=12641"}],"curies":[{"name":"wp","href":"https:\/\/api.w.org\/{rel}","templated":true}]}}