{"id":12889,"date":"2023-02-18T15:24:31","date_gmt":"2023-02-18T20:24:31","guid":{"rendered":"https:\/\/xn--mscarasypolticascozumel-t5b42a.com\/?p=12889"},"modified":"2023-02-18T15:24:31","modified_gmt":"2023-02-18T20:24:31","slug":"es-un-gobierno-espurio-lopez-obrador-sobre-su-rechazo-a-entregar-a-peru-la-presidencia-de-la-alianza-del-pacifico","status":"publish","type":"post","link":"https:\/\/newsqr.com.mx\/?p=12889","title":{"rendered":"\u201cEs un gobierno espurio\u201d: L\u00f3pez Obrador sobre su rechazo a entregar a Per\u00fa la presidencia de la Alianza del Pac\u00edfico"},"content":{"rendered":"<h4 class=\"article-subtitle\" style=\"text-align: center;\">El presidente mexicano dice que acatar\u00e1 la decisi\u00f3n que pedir\u00e1 tomen los miembros del Grupo de R\u00edo.<\/h4>\n<div class=\"article-meta\" data-component=\"articleMeta\" aria-hidden=\"true\">\n<p>El presidente Andr\u00e9s Manuel L\u00f3pez Obrador rechaz\u00f3 este viernes entregar la presidencia de la Alianza del Pac\u00edfico a Per\u00fa, tal y como le corresponde, al considerar que el gobierno de Dina Boluarte es \u00abespurio\u00bb.<\/p>\n<p>\u00abVoy a dar instrucciones a la Secretar\u00eda de Relaciones Exteriores (SRE) de que notifique a los miembros del Grupo de R\u00edo qu\u00e9 hacemos, porque yo no quiero entregar (la presidencia) a un gobierno que considero espurio. Que decidan los miembros del grupo\u00bb, dijo en su rueda de prensa diaria.<\/p>\n<p>Una vez recabada la opini\u00f3n del Grupo de R\u00edo, un mecanismo permanente de consulta integrado por Argentina, Brasil, Colombia, M\u00e9xico, Panam\u00e1, Per\u00fa, Uruguay y Venezuela, L\u00f3pez Obrador indic\u00f3 que acatar\u00e1 la decisi\u00f3n correspondiente.<\/p>\n<p>\u00abSi ellos dicen que entreguemos la presidencia, lo hacemos. Pero s\u00ed voy a hacer la consulta, yo no quiero legitimar un golpe de Estado, es contrario a las libertades, los derechos humanos y es antidemocr\u00e1tico\u00bb, subray\u00f3.<\/p>\n<p>Boluarte abord\u00f3 el tema el pasado mi\u00e9rcoles, cuando coment\u00f3 que L\u00f3pez Obrador no quer\u00eda entregarle la presidencia porque \u00absigue apoyando al expresidente\u00bb Pedro Castillo.<\/p>\n<p>\u00abEn enero de este a\u00f1o, Per\u00fa deb\u00eda haber asumido la presidencia pro tempore. Sin embargo, por esa situaci\u00f3n pol\u00edtica del presidente de M\u00e9xico, hasta ahora est\u00e1 perjudicando a los pueblos que comprenden la Alianza del Pac\u00edfico porque (&#8230;) no nos quiere entregar la presidencia pro tempore de la Alianza del Pac\u00edfico\u00bb, dijo Boluarte en una declaraci\u00f3n sin preguntas.<\/p>\n<p>Inicialmente, M\u00e9xico deb\u00eda entregar la presidencia pro tempore a Lima en la Cumbre de la Alianza del Pac\u00edfico prevista para M\u00e9xico en noviembre, pero se suspendi\u00f3 porque el Congreso peruano no permiti\u00f3 salir del pa\u00eds al entonces presidente Castillo.<\/p>\n<p>Pese a que la Cumbre se pospuso y se traslad\u00f3 a la capital peruana para diciembre, semanas despu\u00e9s Castillo fue destituido por el Congreso y encarcelado tras dar un fallido autogolpe de Estado.<\/p>\n<p>L\u00f3pez Obrador se ha alineado desde entonces con el expresidente andino, otorgando asilo a su mujer e hijos y denunciando que fue un golpe de Estado en su contra orquestado por la oligarqu\u00eda.<\/p>\n<p>\u00abLo meten a la c\u00e1rcel, no hay fundamentos legales, y lo que hay en el fondo es una actitud clasista, racista. Como se trata de un maestro de la sierra, humilde, fue desde el principio acosado por el Congreso\u00bb, dijo este viernes.<\/p>\n<\/div>\n","protected":false},"excerpt":{"rendered":"<p>El presidente mexicano dice que acatar\u00e1 la decisi\u00f3n que pedir\u00e1 tomen los miembros del Grupo&#8230;<\/p>\n","protected":false},"author":1,"featured_media":12891,"comment_status":"open","ping_status":"closed","sticky":false,"template":"","format":"standard","meta":{"footnotes":""},"categories":[2],"tags":[],"class_list":["post-12889","post","type-post","status-publish","format-standard","has-post-thumbnail","hentry","category-nacional"],"_links":{"self":[{"href":"https:\/\/newsqr.com.mx\/index.php?rest_route=\/wp\/v2\/posts\/12889","targetHints":{"allow":["GET"]}}],"collection":[{"href":"https:\/\/newsqr.com.mx\/index.php?rest_route=\/wp\/v2\/posts"}],"about":[{"href":"https:\/\/newsqr.com.mx\/index.php?rest_route=\/wp\/v2\/types\/post"}],"author":[{"embeddable":true,"href":"https:\/\/newsqr.com.mx\/index.php?rest_route=\/wp\/v2\/users\/1"}],"replies":[{"embeddable":true,"href":"https:\/\/newsqr.com.mx\/index.php?rest_route=%2Fwp%2Fv2%2Fcomments&post=12889"}],"version-history":[{"count":0,"href":"https:\/\/newsqr.com.mx\/index.php?rest_route=\/wp\/v2\/posts\/12889\/revisions"}],"wp:featuredmedia":[{"embeddable":true,"href":"https:\/\/newsqr.com.mx\/index.php?rest_route=\/wp\/v2\/media\/12891"}],"wp:attachment":[{"href":"https:\/\/newsqr.com.mx\/index.php?rest_route=%2Fwp%2Fv2%2Fmedia&parent=12889"}],"wp:term":[{"taxonomy":"category","embeddable":true,"href":"https:\/\/newsqr.com.mx\/index.php?rest_route=%2Fwp%2Fv2%2Fcategories&post=12889"},{"taxonomy":"post_tag","embeddable":true,"href":"https:\/\/newsqr.com.mx\/index.php?rest_route=%2Fwp%2Fv2%2Ftags&post=12889"}],"curies":[{"name":"wp","href":"https:\/\/api.w.org\/{rel}","templated":true}]}}