{"id":13053,"date":"2023-02-22T15:29:32","date_gmt":"2023-02-22T20:29:32","guid":{"rendered":"https:\/\/xn--mscarasypolticascozumel-t5b42a.com\/?p=13053"},"modified":"2023-02-22T15:29:32","modified_gmt":"2023-02-22T20:29:32","slug":"presidente-de-mexico-ofrece-asilo-y-nacionalidad-a-opositores-nicaraguenses","status":"publish","type":"post","link":"https:\/\/newsqr.com.mx\/?p=13053","title":{"rendered":"Presidente de M\u00e9xico ofrece asilo y nacionalidad a opositores nicarag\u00fcenses"},"content":{"rendered":"<p>El presidente de M\u00e9xico, Andr\u00e9s Manuel L\u00f3pez Obrador, ofreci\u00f3 este mi\u00e9rcoles asilo y nacionalidad a los opositores nicarag\u00fcenses al r\u00e9gimen de Daniel Ortega que as\u00ed lo soliciten, un gesto similar al que ya tuvieron los gobiernos de Espa\u00f1a, Argentina, Chile y Colombia.<\/p>\n<p>\u00abTodos los que quieran estar en nuestro pa\u00eds tienen las puertas abiertas y son bien recibidos\u00bb, dijo L\u00f3pez Obrador durante su habitual rueda de prensa matutina.<\/p>\n<p>Se\u00f1al\u00f3 que esa fue la instrucci\u00f3n que le dio a su secretario de Relaciones Exteriores, Marcelo Ebrard, cuando \u00e9ste le inform\u00f3 que \u00abpersonas de Nicaragua\u00bb hab\u00edan \u00abpedido estar en M\u00e9xico\u00bb.<\/p>\n<p>\u00abAsilo, nacionalidad, lo que ellos quieran\u00bb, precis\u00f3 el presidente mexicano, y sostuvo: \u00abla nacionalidad no se puede perder por decreto\u00bb.<\/p>\n<p>En las \u00faltimas semanas, el r\u00e9gimen de Ortega despoj\u00f3 de la nacionalidad nicarag\u00fcense a 316 disidentes: a 222 que estaban presos y a quienes liber\u00f3 y expuls\u00f3 a Estados Unidos, y a otros 94, la mayor\u00eda exiliados.<\/p>\n<p>L\u00f3pez Obrador se refiri\u00f3 al tema al cierre de la rueda de prensa, luego de evitar pronunciarse la v\u00edspera cuando se le pregunt\u00f3 al respecto. \u00abVamos a desayunar ya y ma\u00f1ana hablamos\u00bb, hab\u00eda dicho el martes.<\/p>\n<p>Este mi\u00e9rcoles el presidente mexicano tambi\u00e9n mostr\u00f3 una carta que le envi\u00f3 a Ortega en diciembre, en la que abogaba en particular por la excomandante guerrillera presa Dora Mar\u00eda T\u00e9llez, una de las 222 opositoras expulsadas a Estados Unidos el 9 de febrero.<\/p>\n<p>\u00abConsidero que un gesto humanitario hacia la se\u00f1ora T\u00e9llez o de cualquier otra de las personas hoy recluidas de ninguna forma ir\u00eda en desdoro de la pol\u00edtica soberana de Nicaragua y ser\u00eda recibido muy positivamente por la comunidad internacional\u00bb, dijo el mandatario al leer la misiva que, asegur\u00f3, no tuvo respuesta.<\/p>\n<p>L\u00f3pez Obrador a\u00f1adi\u00f3 que el gobierno mexicano aspira a que las diferencias en Nicaragua se resuelvan mediante el di\u00e1logo.<\/p>\n<p>\u00abSiempre buscamos nosotros que se llegara a un acuerdo y que se liberara a los presos\u00bb, detall\u00f3.<\/p>\n<p>L\u00f3pez Obrador dijo que no se hab\u00eda pronunciado sobre el tema el martes \u00abporque lo que se debe de buscar es la reconciliaci\u00f3n y la unidad\u00bb.<\/p>\n<p>Espa\u00f1a y Argentina se han mostrado dispuestos a naturalizar a los 316 opositores nicarag\u00fcenses declarados ap\u00e1tridas, mientras que Chile estudia otorgarles la residencia y la nacionalidad.<\/p>\n<p>Colombia anunci\u00f3 este mi\u00e9rcoles que ofreci\u00f3 la nacionalidad a Sergio Ram\u00edrez, ex vicepresidente y galardonado escritor exiliado en Espa\u00f1a, s\u00edmbolo de los nicarag\u00fcenses ap\u00e1tridas.<\/p>\n<p>Estados Unidos, la ONU y diferentes oeneg\u00e9s han denunciado las medidas de Ortega, en el poder desde 2007 y reelegido sucesivamente en cuestionados comicios.<\/p>\n","protected":false},"excerpt":{"rendered":"<p>El presidente de M\u00e9xico, Andr\u00e9s Manuel L\u00f3pez Obrador, ofreci\u00f3 este mi\u00e9rcoles asilo y nacionalidad a&#8230;<\/p>\n","protected":false},"author":1,"featured_media":13055,"comment_status":"open","ping_status":"closed","sticky":false,"template":"","format":"standard","meta":{"footnotes":""},"categories":[2],"tags":[],"class_list":["post-13053","post","type-post","status-publish","format-standard","has-post-thumbnail","hentry","category-nacional"],"_links":{"self":[{"href":"https:\/\/newsqr.com.mx\/index.php?rest_route=\/wp\/v2\/posts\/13053","targetHints":{"allow":["GET"]}}],"collection":[{"href":"https:\/\/newsqr.com.mx\/index.php?rest_route=\/wp\/v2\/posts"}],"about":[{"href":"https:\/\/newsqr.com.mx\/index.php?rest_route=\/wp\/v2\/types\/post"}],"author":[{"embeddable":true,"href":"https:\/\/newsqr.com.mx\/index.php?rest_route=\/wp\/v2\/users\/1"}],"replies":[{"embeddable":true,"href":"https:\/\/newsqr.com.mx\/index.php?rest_route=%2Fwp%2Fv2%2Fcomments&post=13053"}],"version-history":[{"count":0,"href":"https:\/\/newsqr.com.mx\/index.php?rest_route=\/wp\/v2\/posts\/13053\/revisions"}],"wp:featuredmedia":[{"embeddable":true,"href":"https:\/\/newsqr.com.mx\/index.php?rest_route=\/wp\/v2\/media\/13055"}],"wp:attachment":[{"href":"https:\/\/newsqr.com.mx\/index.php?rest_route=%2Fwp%2Fv2%2Fmedia&parent=13053"}],"wp:term":[{"taxonomy":"category","embeddable":true,"href":"https:\/\/newsqr.com.mx\/index.php?rest_route=%2Fwp%2Fv2%2Fcategories&post=13053"},{"taxonomy":"post_tag","embeddable":true,"href":"https:\/\/newsqr.com.mx\/index.php?rest_route=%2Fwp%2Fv2%2Ftags&post=13053"}],"curies":[{"name":"wp","href":"https:\/\/api.w.org\/{rel}","templated":true}]}}