{"id":13125,"date":"2023-02-24T16:30:35","date_gmt":"2023-02-24T21:30:35","guid":{"rendered":"https:\/\/xn--mscarasypolticascozumel-t5b42a.com\/?p=13125"},"modified":"2023-02-24T16:30:35","modified_gmt":"2023-02-24T21:30:35","slug":"amlo-garcia-luna-debio-ser-juzgado-en-mexico-pero-se-desconfia-del-judicial","status":"publish","type":"post","link":"https:\/\/newsqr.com.mx\/?p=13125","title":{"rendered":"AMLO: Garc\u00eda Luna debi\u00f3 ser juzgado en M\u00e9xico, pero se desconf\u00eda del Judicial"},"content":{"rendered":"<div class=\"BlocksPage-subHeadline\">El presidente Andr\u00e9s Manuel L\u00f3pez Obrador insisti\u00f3 en que el Poder Judicial debe reformarse.<\/div>\n<div class=\"AuthorBar\"><\/div>\n<div class=\"BlocksPage-bar\">\n<p>El presidente Andr\u00e9s Manuel L\u00f3pez Obrador consider\u00f3 como \u201cuna llamada de atenci\u00f3n\u201d para M\u00e9xico que elexsecretario de Seguridad P\u00fablica, Genaro Garc\u00eda Luna, fuera enjuiciado en Estados Unidos y no por la justicia mexicana, sin embargo, consider\u00f3 que a ello contribuy\u00f3 la desconfianza hacia el Poder Judicial.<\/p>\n<div id=\"dailymotion-instance-255a9146-6d7a-9f24-24ef-35c3ab0ef597\" class=\"dailymotion-player-root dailymotion-player-x9k64\">\n<div class=\"mainWrap\">\n<div class=\"BlocksPage-mainHead\">\n<div class=\"BlockWrap\">\n<article class=\"first-block\">\u201cEs una llamada de atenci\u00f3n para la justicia mexicana porque se debi\u00f3 juzgar aqu\u00ed. Nosotros tuvimos elementos, se presentaron, ya lo hab\u00edan detenido pero sobre todo la desconfianza ya no tanto en el Ejecutivo sino la desconfianza que hay en el Poder Judicial. El Poder Judicial necesita reformarse\u201d, plante\u00f3.<\/p>\n<\/article>\n<\/div>\n<\/div>\n<\/div>\n<div class=\"BlocksPage-main\" data-modulewell=\"\">\n<div class=\"blocks\">\n<div class=\"first-block-below\"><\/div>\n<div class=\"GoogleDfpAd-wrap\" data-module=\"\">\n<div id=\"ad-intext-0\">\n<div id=\"browsi_adWrapper_ai_500_ati_1_rc_0\">\n<div id=\"browsi_adContainer_ai_500_ati_1_rc_0\" data-google-query-id=\"COufqseMr_0CFRPhlAkdlqEDxQ\">\n<p>A pesar de contar con una orden de aprehensi\u00f3n y de haber sido se\u00f1alado por la comisi\u00f3n de delitos de lavado de dinero y desv\u00edo de recursos, Genaro Garc\u00eda Luna no fue sometido a un proceso judicial en M\u00e9xico.<\/p>\n<p>El exsecretario de Seguridad P\u00fablica fue detenido en 2019 en Estados Unidos y tres a\u00f1os despu\u00e9s llevado a juicio y declarado culpable de cinco delitos: por conspiraci\u00f3n internacional para distribuir coca\u00edna, conspiraci\u00f3n para distribuir coca\u00edna, conspiraci\u00f3n para importar coca\u00edna, ser socio de una empresa criminal y hacer declaraciones falsas ante una autoridad estadounidense, por lo que se prev\u00e9 enfrente una pena m\u00ednima de 20 a\u00f1os y hasta cadena perpetua.<\/p>\n<p>El presidente de M\u00e9xico consider\u00f3 que no hay suficiente confianza en el Poder Judicial por varios cap\u00edtulos en los que los juzgadores han dejado en libertad a presuntos delincuentes. Por ejemplo, record\u00f3 que a Rafael Caro Quintero se le orden\u00f3 su libertad en un s\u00e1bado, y que cuando se intent\u00f3 corregir, ya hab\u00eda dejado la prisi\u00f3n.<\/p>\n<p>Tambi\u00e9n critic\u00f3 que recientemente un juez orden\u00f3 a la Unidad de Inteligencia Financiera desbloquear las cuentas bancarias de cuentas bancarias de Linda Cristina Pereyra G\u00e1lvez, esposa de Genaro Garc\u00eda Luna.<\/p>\n<div class=\"BlocksArticleBody-items block BlockWrap\">\n<article id=\"block-0\" class=\"BlocksArticleFirstItem\">\n<div class=\"BlocksArticleFirstItem-body\">\n<p>\u201cUn juez ordena que se descongelen las cuentas de su esposa. Le estoy pidiendo, con todo respeto, a la presidenta de la Suprema Corte de Justicia, a los ministros de la Suprema Corte de Justicia, al Consejo de la Judicatura que tiene la funci\u00f3n de vigilar el buen comportamiento de jueces, magistrados y ministros, que expliquen esta situaci\u00f3n, que informen y se quedan callados\u201d, lament\u00f3.<\/p>\n<p>Dijo que el caso de Garc\u00eda Luna es sin duda un llamado para la justicia mexicana. \u201cEs un llamado de atenci\u00f3n ya para decir que no haya impunidad que no haya contubernio, as\u00ed como estaba tomado el Ejecutivo, tomado, secuestrado , era una rep\u00fablica aparente, simulada\u201d, refiri\u00f3.<\/p>\n<\/div>\n<\/article>\n<div class=\"sidebar\">\n<aside class=\"BlocksArticleFirstItem-aside\" data-asidewell=\"\">\n<div class=\"GoogleDfpAd-wrap\" data-module=\"\" data-hide-timeout=\"0\" data-button-delay=\"0\">\n<div id=\"adn-lateral-2\" class=\"is-dfp GoogleDfpAd\" data-ad-name=\"adn-lateral-2\" data-slot-name=\"72776159\/es.gex.adnpolitico\/lateral-dos\/presidencia\" data-slot-targeting=\"{&quot;pos&quot;:&quot;2&quot;}\" data-google-query-id=\"CI359MaMr_0CFYHj4wcdRBIC1g\">\n<div id=\"google_ads_iframe_\/72776159\/es.gex.adnpolitico\/lateral-dos_0__container__\"><\/div>\n<\/div>\n<\/div>\n<\/aside>\n<\/div>\n<\/div>\n<div class=\"BlocksArticleBody-items block BlockWrap\">\n<article id=\"block-1\" class=\"BlocksArticleFirstItem\">\n<div class=\"BlocksArticleFirstItem-body\">\n<h2 class=\"cms-Subtitulos-Subtitulo1\">No hay narcoestado<\/h2>\n<p>&nbsp;<\/p>\n<p>El presidente L\u00f3pez Obrador consider\u00f3 que el gobierno de Felipe Calder\u00f3n era un \u201cnarcoestado\u201d debido a los v\u00ednculos que ten\u00eda su secretario de Seguridad P\u00fablica con grupos del crimen organizado.<\/p>\n<p>\u201cYa no existe porque no estamos nosotros asociados con el narcotr\u00e1fico, somos distintos\u201d, afirm\u00f3.<\/p>\n<p>Ante los deslindes que han surgido de pol\u00edticos de Acci\u00f3n Nacional respecto a Genaro Garc\u00eda Luna, el presidente dijo que no es tan sencillo desvincularse del exsecretario, a quien le sugiri\u00f3 nuevamente convertirse en testigo de la justicia estadounidense para que proporcione m\u00e1s informaci\u00f3n sobre qui\u00e9nes estaban enterados de su actuar.<\/p>\n<div id=\"browsi_adWrapper_ai_1_ati_1_rc_0\">\n<div id=\"browsi_adContainer_ai_1_ati_1_rc_0\" data-google-query-id=\"CK3KnseMr_0CFYni4wcdOlEOsw\">\u201cHay tiempo para que Garc\u00eda Luna act\u00fae como testigo protegido o el equivalente no s\u00f3lo porque puede que le disminuyan el tiempo de estancia en la c\u00e1rcel sino porque su contribuci\u00f3n ayudar\u00eda a purificar la vida p\u00fablica de M\u00e9xico y para que no se vuelva a repetir, que nadie en ning\u00fan nivel de la funci\u00f3n p\u00fablica se atreva a entrar en contubernio con la delincuencia organizada y con la delincuencia de cuello blanco\u201d, coment\u00f3.<\/div>\n<\/div>\n<\/div>\n<\/article>\n<\/div>\n<\/div>\n<\/div>\n<\/div>\n<\/div>\n<\/div>\n<\/div>\n<\/div>\n<\/div>\n","protected":false},"excerpt":{"rendered":"<p>El presidente Andr\u00e9s Manuel L\u00f3pez Obrador insisti\u00f3 en que el Poder Judicial debe reformarse. El&#8230;<\/p>\n","protected":false},"author":1,"featured_media":13127,"comment_status":"open","ping_status":"closed","sticky":false,"template":"","format":"standard","meta":{"footnotes":""},"categories":[8],"tags":[],"class_list":["post-13125","post","type-post","status-publish","format-standard","has-post-thumbnail","hentry","category-politica"],"_links":{"self":[{"href":"https:\/\/newsqr.com.mx\/index.php?rest_route=\/wp\/v2\/posts\/13125","targetHints":{"allow":["GET"]}}],"collection":[{"href":"https:\/\/newsqr.com.mx\/index.php?rest_route=\/wp\/v2\/posts"}],"about":[{"href":"https:\/\/newsqr.com.mx\/index.php?rest_route=\/wp\/v2\/types\/post"}],"author":[{"embeddable":true,"href":"https:\/\/newsqr.com.mx\/index.php?rest_route=\/wp\/v2\/users\/1"}],"replies":[{"embeddable":true,"href":"https:\/\/newsqr.com.mx\/index.php?rest_route=%2Fwp%2Fv2%2Fcomments&post=13125"}],"version-history":[{"count":0,"href":"https:\/\/newsqr.com.mx\/index.php?rest_route=\/wp\/v2\/posts\/13125\/revisions"}],"wp:featuredmedia":[{"embeddable":true,"href":"https:\/\/newsqr.com.mx\/index.php?rest_route=\/wp\/v2\/media\/13127"}],"wp:attachment":[{"href":"https:\/\/newsqr.com.mx\/index.php?rest_route=%2Fwp%2Fv2%2Fmedia&parent=13125"}],"wp:term":[{"taxonomy":"category","embeddable":true,"href":"https:\/\/newsqr.com.mx\/index.php?rest_route=%2Fwp%2Fv2%2Fcategories&post=13125"},{"taxonomy":"post_tag","embeddable":true,"href":"https:\/\/newsqr.com.mx\/index.php?rest_route=%2Fwp%2Fv2%2Ftags&post=13125"}],"curies":[{"name":"wp","href":"https:\/\/api.w.org\/{rel}","templated":true}]}}