{"id":14310,"date":"2023-03-30T16:12:51","date_gmt":"2023-03-30T21:12:51","guid":{"rendered":"https:\/\/xn--mscarasypolticascozumel-t5b42a.com\/?p=14310"},"modified":"2023-03-30T16:12:51","modified_gmt":"2023-03-30T21:12:51","slug":"mexico-y-argentina-frenan-crecimiento-de-la-energia-eolica-en-latinoamerica","status":"publish","type":"post","link":"https:\/\/newsqr.com.mx\/?p=14310","title":{"rendered":"M\u00e9xico y Argentina frenan crecimiento de la energ\u00eda e\u00f3lica en Latinoam\u00e9rica"},"content":{"rendered":"<div class=\"flex items-center border border-gray-200 border-l-0 border-r-0 py-3 mb-4\">\n<div class=\"flex-1\">\n<h4 class=\"text-base leading-5 pl-2 font-lato\" style=\"text-align: center;\">La pol\u00edtica energ\u00e9tica de M\u00e9xico y la inestabilidad econ\u00f3mica de Argentina han desacelerado a la energ\u00eda e\u00f3lica en la regi\u00f3n<\/h4>\n<p>Las pol\u00edtica energ\u00e9tica de M\u00e9xico y la inestabilidad econ\u00f3mica de Argentina frenaron el crecimiento de la\u00a0<b>energ\u00eda e\u00f3lica\u00a0<\/b>en Latinoam\u00e9rica, revel\u00f3 el Reporte Global del Viento 2023, elaborado por el Consejo Global de Energ\u00eda E\u00f3lica (GWEC, por sus siglas en ingl\u00e9s).<\/p>\n<p class=\"default__StyledText-sc-108h6at-0 eZJtyi body-paragraph\">La nueva capacidad instalada de energ\u00eda e\u00f3lica de M\u00e9xico\u00a0<b>se desplom\u00f3 66% anual\u00a0<\/b>hasta 158 MegaWatts (MW) durante 2022, mientras que en el caso de Argentina la ca\u00edda fue de 3.600% anual a solo 18MW, seg\u00fan el documento.<\/p>\n<p class=\"default__StyledText-sc-108h6at-0 eZJtyi body-paragraph\">Latinoam\u00e9rica registr\u00f3 una instalaci\u00f3n de nueva capacidad para generar energ\u00eda e\u00f3lica de 5.200 MW en 2022, un hundimiento de 10,3% anual, compensada parcialmente por las adiciones del l\u00edder regional,\u00a0<b>Brasil<\/b>.<\/p>\n<p class=\"default__StyledText-sc-108h6at-0 eZJtyi body-paragraph\"><b>el presidente de la asociaci\u00f3n de comercio internacional que sirve a la industria e\u00f3lica, Ram\u00f3n Fiestas<\/b>, coment\u00f3 que se ha instalado menos energ\u00eda e\u00f3lica en la regi\u00f3n de Latinoam\u00e9rica durante el a\u00f1o pasado porque M\u00e9xico y Argentina han fracasado en el crecimiento de esta tecnolog\u00eda.<\/p>\n<p class=\"default__StyledText-sc-108h6at-0 eZJtyi body-paragraph\">\u201cEstos dos mercados han fracasado en t\u00e9rminos de\u00a0<b>ver cifras de capacidad instalada<\/b>\u201d, declar\u00f3.<\/p>\n<p class=\"default__StyledText-sc-108h6at-0 eZJtyi body-paragraph\">Mientras en Argentina la paralizaci\u00f3n de nuevos proyectos responde a una falta de voluntad pol\u00edtica con se\u00f1ales err\u00e1ticas de las autoridades en medio de un ambiente deteriorado por su\u00a0entorno macroecon\u00f3mico, en M\u00e9xico la pol\u00edtica energ\u00e9tica es contraria a la implementaci\u00f3n de nuevos parques e\u00f3licos, seg\u00fan el presidente de GWEC.<\/p>\n<p class=\"default__StyledText-sc-108h6at-0 eZJtyi body-paragraph\">La asociaci\u00f3n estima que la energ\u00eda e\u00f3lica crecer\u00e1 en el orden de 5.000MW anuales de 2023 a 2027, impulsada por Brasil, Chile y la terminaci\u00f3n de nuevos proyectos en Colombia.<\/p>\n<p class=\"default__StyledText-sc-108h6at-0 eZJtyi body-paragraph\">Desde el inicio de su sexenio, el presidente de M\u00e9xico, Andr\u00e9s Manuel L\u00f3pez Obrador, critic\u00f3 la tecnolog\u00eda e\u00f3lica por sus costos y los riesgos para el sistema el\u00e9ctrico por su intermitencia cuando falta el viento. Incluso la critic\u00f3 por\u00a0<b>contaminaci\u00f3n ambiental y visual.<\/b><\/p>\n<p class=\"default__StyledText-sc-108h6at-0 eZJtyi body-paragraph\">Pero AMLO, como se conoce al mandatario, ha modificado su postura y su Gobierno licitar\u00e1 cuatro proyectos con capacidad de energ\u00eda e\u00f3lica en el sur del pa\u00eds durante abril de este a\u00f1o.<\/p>\n<div class=\"new-blocks-wrap\">\n<div class=\"flex items-center border border-gray-200 border-l-0 border-r-0 py-1 mb-4\">\n<p class=\"default__StyledText-sc-108h6at-0 eZJtyi body-paragraph\">Fiestas considera como positivas\u00a0<b>las m\u00e1s recientes se\u00f1ales de M\u00e9xico<\/b>, que aparece en color rojo dentro del sem\u00e1foro mundial de calor pol\u00edtico de GWEC, hacia la tecnolog\u00eda e\u00f3lica y la inversi\u00f3n privada, pero a\u00fan le falta sustancia a su pol\u00edtica para brincar a un color con menor nivel de alarma como el amarillo.<\/p>\n<p class=\"default__StyledText-sc-108h6at-0 eZJtyi body-paragraph\">Al preguntarle por la postura de las empresas privadas en M\u00e9xico, envuelta en un tsunami de amparos por el pago de nuevas tarifas de transmisi\u00f3n de energ\u00eda renovable y proyectos detenidos de generaci\u00f3n, el representante de la asociaci\u00f3n e\u00f3lica dijo que se puede abrir un proceso de discusi\u00f3n y negociaci\u00f3n, pero sin cerrar el mercado a la inversi\u00f3n privada.<\/p>\n<p class=\"default__StyledText-sc-108h6at-0 eZJtyi body-paragraph\">\u201cCeder y no compensar no es una negociaci\u00f3n\u201d, coment\u00f3.<\/p>\n<p class=\"default__StyledText-sc-108h6at-0 eZJtyi body-paragraph\">La construcci\u00f3n de nuevas redes de transmisi\u00f3n, cuyo monopolio est\u00e1 en manos de la empresa estatal CFE, es el principal asunto pendiente de M\u00e9xico para la instalaci\u00f3n de nuevas centrales de generaci\u00f3n el\u00e9ctrica.<\/p>\n<div class=\"new-blocks-wrap\">\n<div class=\"flex items-center border border-gray-200 border-l-0 border-r-0 py-1 mb-4\">\n<p class=\"default__StyledText-sc-108h6at-0 eZJtyi body-paragraph\">GWEC est\u00e1 conformada por m\u00e1s de 1.500 compa\u00f1\u00edas, organizaciones e instituciones como Siemens Gamesa, Shell, Iberdrola y Enel entre otras en 80 pa\u00edses que representan el 99% de la capacidad instalada de energ\u00eda e\u00f3lica del mundo.<\/p>\n<div class=\"new-blocks-wrap\">\n<div class=\"flex items-center border border-gray-200 border-l-0 border-r-0 py-1 mb-4\"><\/div>\n<\/div>\n<\/div>\n<\/div>\n<\/div>\n<\/div>\n<\/div>\n<\/div>\n<figure class=\"lead-art-wrapper\">\n<div><picture class=\"Image__StyledPicture-sc-1g24b0j-0 cHvurg\"><source srcset=\"https:\/\/www.bloomberglinea.com\/resizer\/N0Rv-nQ4Ezb1CQ-9hDbwspRWkLQ=\/1440x0\/filters:format(jpg):quality(70)\/cloudfront-us-east-1.images.arcpublishing.com\/bloomberglinea\/YHOK7FABOZHLNCX5SLJSLKMENY.jpg\" media=\"screen and (min-width: 1024px)\" \/><source srcset=\"https:\/\/www.bloomberglinea.com\/resizer\/uO2U3KQjUTob08_UFsudcDY8pak=\/1024x0\/filters:format(jpg):quality(70)\/cloudfront-us-east-1.images.arcpublishing.com\/bloomberglinea\/YHOK7FABOZHLNCX5SLJSLKMENY.jpg\" media=\"screen and (min-width: 768px)\" \/><source srcset=\"https:\/\/www.bloomberglinea.com\/resizer\/Jx2d7kkrnH7N65EoUePFsPiERt4=\/768x0\/filters:format(jpg):quality(70)\/cloudfront-us-east-1.images.arcpublishing.com\/bloomberglinea\/YHOK7FABOZHLNCX5SLJSLKMENY.jpg\" media=\"screen and (min-width: 0px)\" \/><\/picture><\/div>\n<\/figure>\n","protected":false},"excerpt":{"rendered":"<p>La pol\u00edtica energ\u00e9tica de M\u00e9xico y la inestabilidad econ\u00f3mica de Argentina han desacelerado a la&#8230;<\/p>\n","protected":false},"author":1,"featured_media":14312,"comment_status":"open","ping_status":"closed","sticky":false,"template":"","format":"standard","meta":{"footnotes":""},"categories":[2],"tags":[],"class_list":["post-14310","post","type-post","status-publish","format-standard","has-post-thumbnail","hentry","category-nacional"],"_links":{"self":[{"href":"https:\/\/newsqr.com.mx\/index.php?rest_route=\/wp\/v2\/posts\/14310","targetHints":{"allow":["GET"]}}],"collection":[{"href":"https:\/\/newsqr.com.mx\/index.php?rest_route=\/wp\/v2\/posts"}],"about":[{"href":"https:\/\/newsqr.com.mx\/index.php?rest_route=\/wp\/v2\/types\/post"}],"author":[{"embeddable":true,"href":"https:\/\/newsqr.com.mx\/index.php?rest_route=\/wp\/v2\/users\/1"}],"replies":[{"embeddable":true,"href":"https:\/\/newsqr.com.mx\/index.php?rest_route=%2Fwp%2Fv2%2Fcomments&post=14310"}],"version-history":[{"count":0,"href":"https:\/\/newsqr.com.mx\/index.php?rest_route=\/wp\/v2\/posts\/14310\/revisions"}],"wp:featuredmedia":[{"embeddable":true,"href":"https:\/\/newsqr.com.mx\/index.php?rest_route=\/wp\/v2\/media\/14312"}],"wp:attachment":[{"href":"https:\/\/newsqr.com.mx\/index.php?rest_route=%2Fwp%2Fv2%2Fmedia&parent=14310"}],"wp:term":[{"taxonomy":"category","embeddable":true,"href":"https:\/\/newsqr.com.mx\/index.php?rest_route=%2Fwp%2Fv2%2Fcategories&post=14310"},{"taxonomy":"post_tag","embeddable":true,"href":"https:\/\/newsqr.com.mx\/index.php?rest_route=%2Fwp%2Fv2%2Ftags&post=14310"}],"curies":[{"name":"wp","href":"https:\/\/api.w.org\/{rel}","templated":true}]}}