{"id":15295,"date":"2023-04-27T15:39:02","date_gmt":"2023-04-27T20:39:02","guid":{"rendered":"https:\/\/xn--mscarasypolticascozumel-t5b42a.com\/?p=15295"},"modified":"2023-04-27T15:39:02","modified_gmt":"2023-04-27T20:39:02","slug":"mexico-lopez-obrador-desmiente-los-rumores-sobre-su-salud-a-mi-me-han-dado-por-muerto-varias-veces","status":"publish","type":"post","link":"https:\/\/newsqr.com.mx\/?p=15295","title":{"rendered":"M\u00e9xico.- L\u00f3pez Obrador desmiente los rumores sobre su salud: &quot;A m\u00ed me han dado por muerto varias veces&quot;"},"content":{"rendered":"<p>El presidente de M\u00e9xico, Andr\u00e9s Manuel L\u00f3pez Obrador, ha reaparecido este mi\u00e9rcoles despu\u00e9s de anunciar este domingo su positivo en COVID-19, explicando m\u00e1s detalles sobre su estado de salud en un v\u00eddeo de m\u00e1s de 18 minutos.<\/p>\n<p>En el mensaje grabado, en el que se le ve paseando por el palacio presidencial, L\u00f3pez Obrador ha bromeado afirmando que \u00aba m\u00ed me han dado por muerto varias veces\u00bb, pero ha insistido que \u00abest\u00e1 bien\u00bb, aunque el COVID-19 \u00abse me complic\u00f3\u00bb.<\/p>\n<p>\u00abMe fui a una gira muy intensa que inici\u00e9 en Veracruz, hubo cambio de clima, (&#8230;) estuve en M\u00e9rida y ah\u00ed me hizo crisis porque se me baj\u00f3 de repente la presi\u00f3n, y estando en una reuni\u00f3n evaluando el Tren Maya me qued\u00e9 dormido, fue una especie de &#8216;vaguido&#8217;, por lo que llegaron de inmediato los m\u00e9dicos y me atendieron, no perd\u00ed el conocimiento, s\u00ed tuvo esa situaci\u00f3n de desmayo transitorio\u00bb, ha afirmado.<\/p>\n<p>En los \u00faltimos d\u00edas hab\u00eda corrido el rumor de que el presidente hab\u00eda sufrido un desvanecimiento, algo que el secretario de Gobierno de M\u00e9xico, Ad\u00e1n Augusto L\u00f3pez Hern\u00e1ndez, hab\u00eda negado y que L\u00f3pez Obrador ahora matiza.<\/p>\n<div id=\"intextsmartclip\"><\/div>\n<p>Ha detallado que no quiso ser enviado a ning\u00fan hospital y que pidi\u00f3 ser atendido all\u00ed mismo, para despu\u00e9s, cuando su condici\u00f3n lo permit\u00eda, ser trasladado a Ciudad de M\u00e9xico, donde se recupera actualmente.<\/p>\n<p>L\u00f3pez Hern\u00e1ndez inform\u00f3 que el presidente ten\u00eda previsto retomar su agenda oficial antes del fin de semana, y ahora L\u00f3pez Obrador ha confirmado que durante su periodo alejado de sus obligaciones ha escrito varios discursos que tiene previsto dar en diferentes eventos la semana que viene.<\/p>\n<p>El contagio, que se hizo p\u00fablico el domingo y es el tercero del mandatario mexicano, oblig\u00f3 a L\u00f3pez Obrador a cancelar su gira de trabajo por M\u00e9rida y Yucat\u00e1n para supervisar los avances del Tren Maya, uno de sus proyectos estrella en materia de infraestructuras. Permanece en la capital, Ciudad de M\u00e9xico.<\/p>\n","protected":false},"excerpt":{"rendered":"<p>El presidente de M\u00e9xico, Andr\u00e9s Manuel L\u00f3pez Obrador, ha reaparecido este mi\u00e9rcoles despu\u00e9s de anunciar&#8230;<\/p>\n","protected":false},"author":1,"featured_media":15297,"comment_status":"open","ping_status":"closed","sticky":false,"template":"","format":"standard","meta":{"footnotes":""},"categories":[9],"tags":[],"class_list":["post-15295","post","type-post","status-publish","format-standard","has-post-thumbnail","hentry","category-salud"],"_links":{"self":[{"href":"https:\/\/newsqr.com.mx\/index.php?rest_route=\/wp\/v2\/posts\/15295","targetHints":{"allow":["GET"]}}],"collection":[{"href":"https:\/\/newsqr.com.mx\/index.php?rest_route=\/wp\/v2\/posts"}],"about":[{"href":"https:\/\/newsqr.com.mx\/index.php?rest_route=\/wp\/v2\/types\/post"}],"author":[{"embeddable":true,"href":"https:\/\/newsqr.com.mx\/index.php?rest_route=\/wp\/v2\/users\/1"}],"replies":[{"embeddable":true,"href":"https:\/\/newsqr.com.mx\/index.php?rest_route=%2Fwp%2Fv2%2Fcomments&post=15295"}],"version-history":[{"count":0,"href":"https:\/\/newsqr.com.mx\/index.php?rest_route=\/wp\/v2\/posts\/15295\/revisions"}],"wp:featuredmedia":[{"embeddable":true,"href":"https:\/\/newsqr.com.mx\/index.php?rest_route=\/wp\/v2\/media\/15297"}],"wp:attachment":[{"href":"https:\/\/newsqr.com.mx\/index.php?rest_route=%2Fwp%2Fv2%2Fmedia&parent=15295"}],"wp:term":[{"taxonomy":"category","embeddable":true,"href":"https:\/\/newsqr.com.mx\/index.php?rest_route=%2Fwp%2Fv2%2Fcategories&post=15295"},{"taxonomy":"post_tag","embeddable":true,"href":"https:\/\/newsqr.com.mx\/index.php?rest_route=%2Fwp%2Fv2%2Ftags&post=15295"}],"curies":[{"name":"wp","href":"https:\/\/api.w.org\/{rel}","templated":true}]}}