{"id":15370,"date":"2023-05-01T18:08:47","date_gmt":"2023-05-01T23:08:47","guid":{"rendered":"https:\/\/xn--mscarasypolticascozumel-t5b42a.com\/?p=15370"},"modified":"2023-05-01T18:08:47","modified_gmt":"2023-05-01T23:08:47","slug":"amlo-no-descarta-crisis-economica-en-mexico-pero-hasta-2025","status":"publish","type":"post","link":"https:\/\/newsqr.com.mx\/?p=15370","title":{"rendered":"AMLO no descarta crisis econ\u00f3mica en M\u00e9xico, pero hasta 2025"},"content":{"rendered":"<h4 class=\"f4_title entry-title\" style=\"text-align: center;\"><span class=\"f4_article-info__excerpt entry-summary\">L\u00f3pez Obrador asegur\u00f3 que en lo que resta de su mandato no habr\u00e1 crisis econ\u00f3mica en M\u00e9xico, como la ocurrida en 1995 tras el cambio de Gobierno en el pa\u00eds.<\/span><\/h4>\n<p>El presidente de M\u00e9xico, Andr\u00e9s Manuel L\u00f3pez Obrador, asegur\u00f3 este lunes que no avizora ninguna crisis econ\u00f3mica en el pa\u00eds, aunque no descart\u00f3 que factores externos puedan llevar a una crisis, aunque eso ser\u00eda hasta 2025.<\/p>\n<p>\u201cNo descartamos que s\u00ed, pueda haber una crisis econ\u00f3mica-financiera externa que pueda impactarnos, pero de acuerdo a nuestras proyecciones esa crisis econ\u00f3mica-financiera podr\u00eda darse a partir del 2025\u201d, dijo el mandatario durante su rueda de prensa matutina.<\/p>\n<p>Asimismo, L\u00f3pez Obrador asegur\u00f3 que en lo que resta de su mandato no habr\u00e1 crisis econ\u00f3mica en M\u00e9xico, como la ocurrida en 1995 tras el cambio de Gobierno en el pa\u00eds.<\/p>\n<p>\u201cYo puedo decirles a los mexicanos, con absoluta seguridad que no estamos nosotros avizorando ninguna crisis econ\u00f3mica o financiera este a\u00f1o ni el otro y se descarta que en el futuro se pueda presentar una crisis como las que ha habido en los cambios de Gobierno\u201d, enfatiz\u00f3.<\/p>\n<div id=\"standard_4\" class=\"st-placement standard_4 inArticle\">\n<div class=\"st-adunit-inarticle st-inarticle-slot\">\n<div class=\"st-adunit st-adunit-tagged st-reset st-show\">\n<div class=\"st-adunit-ad st-reset\">\n<div class=\"st-display-render st-reset open 970x250\">\n<div class=\"st-canvas st-reset horizontal-static\">\n<p>El mandatario descart\u00f3 que pudiera darse una crisis econ\u00f3mica antes de 2025 debido a que se acercan las elecciones en Estados Unidos.<\/p>\n<p>\u201cDe darse una crisis econ\u00f3mica-financiera ser\u00eda hasta el 2025, porque est\u00e1n de por medio las elecciones en Estados Unidos y es muy dif\u00edcil de que se d\u00e9 una crisis antes de las elecciones, van a aguantar todo\u201d, explic\u00f3.<\/p>\n<p class=\"fi-aic_90\">Asimismo, asever\u00f3 que trabajar\u00e1n para \u201cblindar\u201d la econom\u00eda mexicana.<\/p>\n<p>\u201cVamos a seguir manejando las finanzas con mucha responsabilidad para blindar bien la econom\u00eda, pensando hacia adelante, dej\u00e1ndoles (al Gobierno entrante) tambi\u00e9n m\u00e1rgenes, por ejemplo, no endeudando al pa\u00eds\u201d, apunt\u00f3.<\/p>\n<p>Sus declaraciones se dan luego de que la semana pasada el Instituto Nacional de Estad\u00edstica y Geograf\u00eda (INEGI), revel\u00f3 que el producto interno bruto (PIB) mexicano creci\u00f3 1.1 % trimestral en el primer trimestre de 2023, con lo que alcanz\u00f3 un m\u00e1ximo hist\u00f3rico.<\/p>\n<p class=\"fi-aic_90\">Adem\u00e1s, el viernes pasado, el subsecretario de Hacienda y Cr\u00e9dito P\u00fablico, Gabriel Yorio, estim\u00f3 que el producto interno bruto (PIB)\u00a0en M\u00e9xico crecer\u00e1 por lo menos un 2.3 % en 2023.<\/p>\n<p>La Comisi\u00f3n Econ\u00f3mica para Am\u00e9rica Latina y el Caribe (Cepal) elev\u00f3 hace unas semanas al 1.5 % el pron\u00f3stico de crecimiento de M\u00e9xico para 2023 y el Fondo Monetario Internacional (FMI) lo increment\u00f3 al 1.8 % el pasado 11 de abril.<\/p>\n<p class=\"fi-aic_90\">La econom\u00eda mexicana creci\u00f3 un 3.1 % en 2022 impulsada por todos los sectores, mientras que en 2021 se increment\u00f3 en 4.8 %, menor a la expectativa del Gobierno.<\/p>\n<p>M\u00e9xico fue uno de los pa\u00edses de Latinoam\u00e9rica que tard\u00f3 m\u00e1s en recuperar su PIB tras la pandemia de covid-19, que caus\u00f3 una contracci\u00f3n hist\u00f3rica de 8.2 % en 2020.<\/p>\n<p>La econom\u00eda mexicana creci\u00f3 un 2.1 % en 2018, pero se contrajo 0.3 % en 2019, el primer a\u00f1o de la presidencia de Andr\u00e9s Manuel L\u00f3pez Obrador.<\/p>\n<\/div>\n<\/div>\n<\/div>\n<\/div>\n<\/div>\n<\/div>\n","protected":false},"excerpt":{"rendered":"<p>L\u00f3pez Obrador asegur\u00f3 que en lo que resta de su mandato no habr\u00e1 crisis econ\u00f3mica&#8230;<\/p>\n","protected":false},"author":1,"featured_media":15372,"comment_status":"open","ping_status":"closed","sticky":false,"template":"","format":"standard","meta":{"footnotes":""},"categories":[2],"tags":[],"class_list":["post-15370","post","type-post","status-publish","format-standard","has-post-thumbnail","hentry","category-nacional"],"_links":{"self":[{"href":"https:\/\/newsqr.com.mx\/index.php?rest_route=\/wp\/v2\/posts\/15370","targetHints":{"allow":["GET"]}}],"collection":[{"href":"https:\/\/newsqr.com.mx\/index.php?rest_route=\/wp\/v2\/posts"}],"about":[{"href":"https:\/\/newsqr.com.mx\/index.php?rest_route=\/wp\/v2\/types\/post"}],"author":[{"embeddable":true,"href":"https:\/\/newsqr.com.mx\/index.php?rest_route=\/wp\/v2\/users\/1"}],"replies":[{"embeddable":true,"href":"https:\/\/newsqr.com.mx\/index.php?rest_route=%2Fwp%2Fv2%2Fcomments&post=15370"}],"version-history":[{"count":0,"href":"https:\/\/newsqr.com.mx\/index.php?rest_route=\/wp\/v2\/posts\/15370\/revisions"}],"wp:featuredmedia":[{"embeddable":true,"href":"https:\/\/newsqr.com.mx\/index.php?rest_route=\/wp\/v2\/media\/15372"}],"wp:attachment":[{"href":"https:\/\/newsqr.com.mx\/index.php?rest_route=%2Fwp%2Fv2%2Fmedia&parent=15370"}],"wp:term":[{"taxonomy":"category","embeddable":true,"href":"https:\/\/newsqr.com.mx\/index.php?rest_route=%2Fwp%2Fv2%2Fcategories&post=15370"},{"taxonomy":"post_tag","embeddable":true,"href":"https:\/\/newsqr.com.mx\/index.php?rest_route=%2Fwp%2Fv2%2Ftags&post=15370"}],"curies":[{"name":"wp","href":"https:\/\/api.w.org\/{rel}","templated":true}]}}