{"id":15433,"date":"2023-05-03T16:46:08","date_gmt":"2023-05-03T21:46:08","guid":{"rendered":"https:\/\/xn--mscarasypolticascozumel-t5b42a.com\/?p=15433"},"modified":"2023-05-03T16:46:08","modified_gmt":"2023-05-03T21:46:08","slug":"a-quien-apoya-mara-en-cozumel-para-2024","status":"publish","type":"post","link":"https:\/\/newsqr.com.mx\/?p=15433","title":{"rendered":"\u00bfA qui\u00e9n apoya Mara en Cozumel para 2024?"},"content":{"rendered":"<h4>La gobernadora particip\u00f3 de la Sesi\u00f3n Solemne del Congreso en la isla, que fue casi el destape oficial de Ren\u00e1n S\u00e1nchez como candidato a alcalde.<\/h4>\n<h4>La alcaldesa Juanita Alonso mir\u00f3 el evento desde abajo; ni la mencionaron, pero llev\u00f3 porra propia.<span class=\"Apple-converted-space\">\u00a0<\/span><\/h4>\n<h4>Cada d\u00eda es m\u00e1s fuerte la versi\u00f3n de que Cozumel ser\u00e1 Verde.<\/h4>\n<h4>El origen de todo es un acuerdo de Juanita y Jorge Emilio durante la campa\u00f1a de 2021.<\/h4>\n<p>Luis Chac\u00f3n Mendez \u00bftercero en discordia?<span class=\"Apple-converted-space\">\u00a0<\/span><\/p>\n<p>La Sesi\u00f3n Solemne para la entrega de la medalla \u201cRamon Bravo\u201d que el Congreso llev\u00f3 a Cozumel, fue lo que se esperaba: el lanzamiento formal de campa\u00f1a del diputado verde ecologista Ren\u00e1n S\u00e1nchez en su carrera por ser alcalde de Cozumel, y cont\u00f3 con el apoyo formal de la gobernadora Mara Lezama.<\/p>\n<p>Esa fue la lectura mayoritaria sobre el evento de este mi\u00e9rcoles.<span class=\"Apple-converted-space\">\u00a0Todos dan por sentado que esa\u00a0Sesi\u00f3n no pudo haberse\u00a0realizado\u00a0all\u00ed sin el apoyo\u00a0expl\u00edcito de Mara.\u00a0<\/span><\/p>\n<p>Una Sesi\u00f3n Solemne frente a la \u201ccasa\u201d de la actual alcaldesa, la morenista Juanita Alonso, a quien ni siquiera nombraron oficialmente en el evento. S\u00f3lo Mara la nombr\u00f3 de corrido junto a los otros alcaldes en su discurso.<\/p>\n<p>La otra referencia a Juanita la gest\u00f3 la propia alcaldesa: llev\u00f3 su porra que, en un momento, al inicio de la Sesi\u00f3n, comenz\u00f3 a gritar su nombre. Y nada m\u00e1s.<\/p>\n<p>La Sesi\u00f3n fue para el lucimiento de Ren\u00e1n S\u00e1nchez, que en su discurso dej\u00f3 una se\u00f1al de campa\u00f1a:<\/p>\n<p>.<\/p>\n<p><em><strong>\u201cSeguir\u00e9 trabajando para la tranquilidad y bienestar del pueblo de Cozumel\u201d, dijo el diputado.\u00a0<span class=\"Apple-converted-space\">\u00a0<\/span><\/strong><\/em><\/p>\n<p>.<\/p>\n<p>Mara, por su parte, dio un discurso apol\u00edtico, pero en un p\u00e1rrafo mencion\u00f3 que la Sesi\u00f3n se realiz\u00f3\u00a0<em><strong>\u201cen un momento y en un lugar tan simb\u00f3lico\u201d.<span class=\"Apple-converted-space\">\u00a0<\/span><\/strong><\/em><\/p>\n<p>Para los verde ecologistas, el evento simplemente es la se\u00f1al de que les corresponde Cozumel, y que Ren\u00e1n es el candidato. Y dicen que es parte de un acuerdo que se dio en 2021.<\/p>\n<p>La Opini\u00f3n lo dio a conocer alguna vez. En la campa\u00f1a por la presidencia municipal de aquel a\u00f1o, Juanita Alonso sinti\u00f3 que no pod\u00eda competir econ\u00f3micamente contra Pedro Joaqu\u00edn Delbouis e iba a perder la elecci\u00f3n.<\/p>\n<p>Por eso, se acerc\u00f3 a Jorge Emilio Gonzalez Mart\u00ednez, el Ni\u00f1o Verde, y a cambio de su \u201caporte\u201d le dar\u00eda la secretar\u00eda general del Ayuntamiento a Ren\u00e1n S\u00e1nchez y luego la candidatura a la diputaci\u00f3n local.<span class=\"Apple-converted-space\">\u00a0<\/span><\/p>\n<p>Juanita gan\u00f3, y en 2022 quiso desconocer ese acuerdo, pero tanto Jorge Emilio como la propia Mara se lo recordaron. Desde ah\u00ed supo que su reelecci\u00f3n era una opci\u00f3n muy dif\u00edcil.<span class=\"Apple-converted-space\">\u00a0<\/span><\/p>\n<p>Sin embargo, no pierde las esperanzas y espera que MORENA presione a Mara para que no entregue ese municipio al Verde.<\/p>\n<p>El evento de este mi\u00e9rcoles tambi\u00e9n dej\u00f3 la impresi\u00f3n de un posible tercero en discordia.<\/p>\n<p>Se trata de Luis Chac\u00f3n M\u00e9ndez, el director de la estrat\u00e9gica Fundaci\u00f3n de Parques y Museos de Cozumel.<\/p>\n<p>Chac\u00f3n est\u00e1 muy ligado a F\u00e9lix Gonzalez Canto, a quien tanto Ren\u00e1n como Mara saludaron en sus discursos.<span class=\"Apple-converted-space\">\u00a0<\/span><\/p>\n","protected":false},"excerpt":{"rendered":"<p>La gobernadora particip\u00f3 de la Sesi\u00f3n Solemne del Congreso en la isla, que fue casi&#8230;<\/p>\n","protected":false},"author":1,"featured_media":15435,"comment_status":"open","ping_status":"closed","sticky":false,"template":"","format":"standard","meta":{"footnotes":""},"categories":[10],"tags":[],"class_list":["post-15433","post","type-post","status-publish","format-standard","has-post-thumbnail","hentry","category-local"],"_links":{"self":[{"href":"https:\/\/newsqr.com.mx\/index.php?rest_route=\/wp\/v2\/posts\/15433","targetHints":{"allow":["GET"]}}],"collection":[{"href":"https:\/\/newsqr.com.mx\/index.php?rest_route=\/wp\/v2\/posts"}],"about":[{"href":"https:\/\/newsqr.com.mx\/index.php?rest_route=\/wp\/v2\/types\/post"}],"author":[{"embeddable":true,"href":"https:\/\/newsqr.com.mx\/index.php?rest_route=\/wp\/v2\/users\/1"}],"replies":[{"embeddable":true,"href":"https:\/\/newsqr.com.mx\/index.php?rest_route=%2Fwp%2Fv2%2Fcomments&post=15433"}],"version-history":[{"count":0,"href":"https:\/\/newsqr.com.mx\/index.php?rest_route=\/wp\/v2\/posts\/15433\/revisions"}],"wp:featuredmedia":[{"embeddable":true,"href":"https:\/\/newsqr.com.mx\/index.php?rest_route=\/wp\/v2\/media\/15435"}],"wp:attachment":[{"href":"https:\/\/newsqr.com.mx\/index.php?rest_route=%2Fwp%2Fv2%2Fmedia&parent=15433"}],"wp:term":[{"taxonomy":"category","embeddable":true,"href":"https:\/\/newsqr.com.mx\/index.php?rest_route=%2Fwp%2Fv2%2Fcategories&post=15433"},{"taxonomy":"post_tag","embeddable":true,"href":"https:\/\/newsqr.com.mx\/index.php?rest_route=%2Fwp%2Fv2%2Ftags&post=15433"}],"curies":[{"name":"wp","href":"https:\/\/api.w.org\/{rel}","templated":true}]}}