{"id":15498,"date":"2023-05-06T08:50:36","date_gmt":"2023-05-06T13:50:36","guid":{"rendered":"https:\/\/xn--mscarasypolticascozumel-t5b42a.com\/?p=15498"},"modified":"2023-05-06T08:50:36","modified_gmt":"2023-05-06T13:50:36","slug":"mexico-y-azerbaiyan-una-relacion-solida-con-potencial-de-incrementar-el-comercio","status":"publish","type":"post","link":"https:\/\/newsqr.com.mx\/?p=15498","title":{"rendered":"M\u00e9xico y Azerbaiy\u00e1n, una relaci\u00f3n s\u00f3lida con potencial de incrementar el comercio"},"content":{"rendered":"<p class=\"jsx-3954459878\">El viceministro de Asuntos Exteriores de la Rep\u00fablica de Azerbaiy\u00e1n,\u00a0<strong>Elnur Mammadov<\/strong>, asegur\u00f3 que la relaci\u00f3n bilateral con M\u00e9xico es s\u00f3lida y existe potencial para fomentar el turismo, el comercio y las inversiones en diversos sectores como el agroindustrial.<\/p>\n<div id=\"espacio_teads\" class=\"jsx-1020194127 adNewChild\"><\/div>\n<div class=\"teads-inread sm-screen\">\n<div>\n<p class=\"jsx-3954459878\">Durante su visita a M\u00e9xico en el marco del trig\u00e9simo aniversario de relaciones diplom\u00e1ticas, el viceministro copresidi\u00f3 junto a la subsecretaria de Relaciones Exteriores,\u00a0<strong>Carmen Moreno Toscano<\/strong>, la tercera reuni\u00f3n del Mecanismo de Consultas Pol\u00edticas M\u00e9xico-Azerbaiy\u00e1n, en la sede de la canciller\u00eda mexicana y tambi\u00e9n se reuni\u00f3 con el Grupo de Amistad bilateral en el Senado.<\/p>\n<blockquote class=\"jsx-2464929417\">\n<p class=\"jsx-3954459878\">\u00abM\u00e9xico y Azerbaiy\u00e1n cuentan con una s\u00f3lida relaci\u00f3n. Actualmente se est\u00e1n trabajando 19 acuerdos que incluyen acuerdos en cuesti\u00f3n de vuelos, aduanas, turismo, doble tributaci\u00f3n y comercio\u00bb, expres\u00f3.<\/p>\n<\/blockquote>\n<p class=\"jsx-3954459878 fi-aic_250\">Reiter\u00f3 que el turismo es central en la relaci\u00f3n bilateral, adem\u00e1s de que en el \u00e1mbito humanitario\u00a0<strong>Azerbaiy\u00e1n<\/strong>\u00a0seguir\u00e1 ayudando a M\u00e9xico.<\/p>\n<p class=\"jsx-3954459878\">Pese a la distancia geogr\u00e1fica asegur\u00f3 que existe un gran potencial para incrementar el intercambio comercial que actualmente alcanza los 65 millones de d\u00f3lares. En su mayor\u00eda las\u00a0<strong>exportaciones de M\u00e9xico a Azerbaiy\u00e1n<\/strong>\u00a0se trata de equipo el\u00e9ctrico, tequila, autos y az\u00facar, mientras que M\u00e9xico recibe combustibles de aviaci\u00f3n.<\/p>\n<p class=\"jsx-3954459878\">Tambi\u00e9n inform\u00f3 que ante la recuperaci\u00f3n de territorios por el conflicto armenio se abren oportunidades para empresas mexicanas que quieran participar en la reconstrucci\u00f3n de estas ciudades de aproximadamente 10,000 kil\u00f3metros.<\/p>\n<h2 class=\"jsx-1282840227\">Mediaci\u00f3n de paz<\/h2>\n<p class=\"jsx-3954459878\">En cuanto a las negociaciones de paz entre Armenia y Azerbaiy\u00e1n lideradas por Estados Unidos, el funcionario destac\u00f3 que el proceso avanza lento.<\/p>\n<p class=\"jsx-3954459878\">Esta semana el secretario de Estado estadounidense, Antony Blinken, recibi\u00f3 al ministro de Relaciones Exteriores de Azerbaiy\u00e1n, Jeyhun Bayramov y al ministro de Relaciones Exteriores de Armenia Ararat Mirzoyan para negociaciones bilaterales de paz en el Centro Nacional de Capacitaci\u00f3n en Asuntos Exteriores George P. Schultz.<\/p>\n<p class=\"jsx-3954459878\">Tras una serie de debates bilaterales y trilaterales, las partes lograron progresos significativos en la soluci\u00f3n de cuestiones dif\u00edciles.<\/p>\n<p class=\"jsx-3954459878\">\u00abAmbos demostraron un compromiso sincero con la normalizaci\u00f3n de las relaciones y poner fin al conflicto de larga data entre sus dos pa\u00edses\u00bb, inform\u00f3 Blinken agregando que tanto Armenia como Azerbaiy\u00e1n estuvieron de acuerdo en principio con ciertos t\u00e9rminos y tienen una mejor comprensi\u00f3n mutua de las posiciones de los dem\u00e1s sobre las cuestiones pendientes.<\/p>\n<\/div>\n<\/div>\n","protected":false},"excerpt":{"rendered":"<p>El viceministro de Asuntos Exteriores de la Rep\u00fablica de Azerbaiy\u00e1n,\u00a0Elnur Mammadov, asegur\u00f3 que la relaci\u00f3n&#8230;<\/p>\n","protected":false},"author":1,"featured_media":15500,"comment_status":"open","ping_status":"closed","sticky":false,"template":"","format":"standard","meta":{"footnotes":""},"categories":[2],"tags":[],"class_list":["post-15498","post","type-post","status-publish","format-standard","has-post-thumbnail","hentry","category-nacional"],"_links":{"self":[{"href":"https:\/\/newsqr.com.mx\/index.php?rest_route=\/wp\/v2\/posts\/15498","targetHints":{"allow":["GET"]}}],"collection":[{"href":"https:\/\/newsqr.com.mx\/index.php?rest_route=\/wp\/v2\/posts"}],"about":[{"href":"https:\/\/newsqr.com.mx\/index.php?rest_route=\/wp\/v2\/types\/post"}],"author":[{"embeddable":true,"href":"https:\/\/newsqr.com.mx\/index.php?rest_route=\/wp\/v2\/users\/1"}],"replies":[{"embeddable":true,"href":"https:\/\/newsqr.com.mx\/index.php?rest_route=%2Fwp%2Fv2%2Fcomments&post=15498"}],"version-history":[{"count":0,"href":"https:\/\/newsqr.com.mx\/index.php?rest_route=\/wp\/v2\/posts\/15498\/revisions"}],"wp:featuredmedia":[{"embeddable":true,"href":"https:\/\/newsqr.com.mx\/index.php?rest_route=\/wp\/v2\/media\/15500"}],"wp:attachment":[{"href":"https:\/\/newsqr.com.mx\/index.php?rest_route=%2Fwp%2Fv2%2Fmedia&parent=15498"}],"wp:term":[{"taxonomy":"category","embeddable":true,"href":"https:\/\/newsqr.com.mx\/index.php?rest_route=%2Fwp%2Fv2%2Fcategories&post=15498"},{"taxonomy":"post_tag","embeddable":true,"href":"https:\/\/newsqr.com.mx\/index.php?rest_route=%2Fwp%2Fv2%2Ftags&post=15498"}],"curies":[{"name":"wp","href":"https:\/\/api.w.org\/{rel}","templated":true}]}}