{"id":15510,"date":"2023-05-06T09:45:06","date_gmt":"2023-05-06T14:45:06","guid":{"rendered":"https:\/\/xn--mscarasypolticascozumel-t5b42a.com\/?p=15510"},"modified":"2023-05-06T09:45:06","modified_gmt":"2023-05-06T14:45:06","slug":"en-cozumel-realizan-ceremonia-conmemorativa-por-el-clxi-aniversario-de-la-batalla-de-puebla","status":"publish","type":"post","link":"https:\/\/newsqr.com.mx\/?p=15510","title":{"rendered":"En Cozumel, realizan ceremonia conmemorativa por el CLXI aniversario de la batalla de puebla"},"content":{"rendered":"<p class=\"ql-align-justify\">En el marco de la conmemoraci\u00f3n del CLXI Aniversario de la Batalla de Puebla, el gobierno municipal a trav\u00e9s de la subdirecci\u00f3n de Educaci\u00f3n en coordinaci\u00f3n con las fuerzas armadas, llev\u00f3 a cabo la ceremonia c\u00edvica encabezada por la presidenta municipal, Juanita Alonso Marrufo para recordar el triunfo de la defensa de M\u00e9xico sobre las tropas invasoras francesas.<\/p>\n<p class=\"ql-align-justify\">En el mensaje alusivo, la directora de Deportes y Atenci\u00f3n a la juventud, Rosa Elena Zapata V\u00e1zquez, destac\u00f3 que esta conmemoraci\u00f3n hist\u00f3rica para nuestro pa\u00eds es para honrar la gesta hist\u00f3rica del 5 de mayo de 1862 en Puebla, donde el ej\u00e9rcito mexicano se visti\u00f3 de gloria, a pesar que para ese entonces el pa\u00eds atravesaba por una crisis a causa de la Guerra de Reforma, con una etapa de reconstrucci\u00f3n, la cual llev\u00f3 al presidente Ju\u00e1rez a suspender los pagos de las deudas contra\u00eddas con pa\u00edses como Inglaterra, Espa\u00f1a y Francia, quienes en respuesta decidieron invadirnos a manera de represalia, pero los primeros dos decidieron retirarse.<\/p>\n<p class=\"ql-align-justify\">\n<p class=\"ql-align-justify\">Sin embargo, el ej\u00e9rcito franc\u00e9s fue el \u00fanico que decidi\u00f3 declarar la guerra a nuestra naci\u00f3n confi\u00e1ndose en la supuesta debilidad del Ej\u00e9rcito mexicano que no contaba con armas para enfrentar al rival tan poderoso. Nuestras tropas estaban conformadas en su mayor\u00eda por voluntarios, sin armas y sin adiestramiento militar, los cuales se enfrentaron y vencieron al ej\u00e9rcito franc\u00e9s que en ese entonces era uno de los m\u00e1s poderosos a nivel mundial.<\/p>\n","protected":false},"excerpt":{"rendered":"<p>En el marco de la conmemoraci\u00f3n del CLXI Aniversario de la Batalla de Puebla, el&#8230;<\/p>\n","protected":false},"author":1,"featured_media":15512,"comment_status":"open","ping_status":"closed","sticky":false,"template":"","format":"standard","meta":{"footnotes":""},"categories":[10],"tags":[],"class_list":["post-15510","post","type-post","status-publish","format-standard","has-post-thumbnail","hentry","category-local"],"_links":{"self":[{"href":"https:\/\/newsqr.com.mx\/index.php?rest_route=\/wp\/v2\/posts\/15510","targetHints":{"allow":["GET"]}}],"collection":[{"href":"https:\/\/newsqr.com.mx\/index.php?rest_route=\/wp\/v2\/posts"}],"about":[{"href":"https:\/\/newsqr.com.mx\/index.php?rest_route=\/wp\/v2\/types\/post"}],"author":[{"embeddable":true,"href":"https:\/\/newsqr.com.mx\/index.php?rest_route=\/wp\/v2\/users\/1"}],"replies":[{"embeddable":true,"href":"https:\/\/newsqr.com.mx\/index.php?rest_route=%2Fwp%2Fv2%2Fcomments&post=15510"}],"version-history":[{"count":0,"href":"https:\/\/newsqr.com.mx\/index.php?rest_route=\/wp\/v2\/posts\/15510\/revisions"}],"wp:featuredmedia":[{"embeddable":true,"href":"https:\/\/newsqr.com.mx\/index.php?rest_route=\/wp\/v2\/media\/15512"}],"wp:attachment":[{"href":"https:\/\/newsqr.com.mx\/index.php?rest_route=%2Fwp%2Fv2%2Fmedia&parent=15510"}],"wp:term":[{"taxonomy":"category","embeddable":true,"href":"https:\/\/newsqr.com.mx\/index.php?rest_route=%2Fwp%2Fv2%2Fcategories&post=15510"},{"taxonomy":"post_tag","embeddable":true,"href":"https:\/\/newsqr.com.mx\/index.php?rest_route=%2Fwp%2Fv2%2Ftags&post=15510"}],"curies":[{"name":"wp","href":"https:\/\/api.w.org\/{rel}","templated":true}]}}