{"id":15549,"date":"2023-05-08T14:55:56","date_gmt":"2023-05-08T19:55:56","guid":{"rendered":"https:\/\/xn--mscarasypolticascozumel-t5b42a.com\/?p=15549"},"modified":"2023-05-08T14:55:56","modified_gmt":"2023-05-08T19:55:56","slug":"mexico-licitara-los-polos-de-desarrollo-para-el-corredor-interoceanico","status":"publish","type":"post","link":"https:\/\/newsqr.com.mx\/?p=15549","title":{"rendered":"M\u00e9xico licitar\u00e1 los polos de desarrollo para el Corredor Interoce\u00e1nico"},"content":{"rendered":"<h4 class=\"BlocksPage-subHeadline\" style=\"text-align: center;\">La secretar\u00eda de Econom\u00eda se\u00f1ala que las concesiones tendr\u00e1n una vigencia inicial de dos a\u00f1os, y que los polos buscan impulsar el desarrollo del sur del pa\u00eds.<\/h4>\n<div class=\"AuthorBar\">\n<p>La\u00a0<b>Secretar\u00eda de Econom\u00eda<\/b>\u00a0(SE) dio a conocer este lunes que comenzar\u00e1 las licitaciones para los polos de desarrollo del\u00a0<b>Corredor Interoce\u00e1nico del Istmo de Tehuantepec<\/b>\u00a0(CIIT).<\/p>\n<div id=\"dailymotion-instance-faf4122a-3dec-1684-97fa-f3209bd31c8f\" class=\"dailymotion-player-root dailymotion-player-x9k62\">\n<div class=\"mainWrap\">\n<div class=\"BlocksPage-mainHead\">\n<div class=\"BlockWrap\">\n<article class=\"first-block\">En esta primera etapa se licitar\u00e1n seis de los 10 polos que conforman el corredor, detallo la\u00a0<b>Raquel Buenrostro<\/b>, secretaria de Econom\u00eda, en conferencia de prensa.<\/p>\n<\/article>\n<\/div>\n<\/div>\n<\/div>\n<div class=\"BlocksPage-main\" data-modulewell=\"\">\n<div class=\"blocks\">\n<div class=\"GoogleDfpAd-wrap\" data-module=\"\">\n<div id=\"ad-intext\">\n<div id=\"browsi_adWrapper_ai_500_ati_1_rc_0\">\n<div id=\"browsi_adContainer_ai_500_ati_1_rc_0\" data-google-query-id=\"CJD9nYbA5v4CFdX84wcdLrIB1w\">\n<p>El gobierno federal ha apostado por el CIIT y el Tren Maya para desarrollar el sur del pa\u00eds.<\/p>\n<p>Las concesiones tendr\u00e1n una vigencia inicial de dos a\u00f1os con la posibilidad de extenderla cinco m\u00e1s, es decir, que pueden durar hasta siete a\u00f1os.<\/p>\n<p>Raquel Buenrostro, titular de Econom\u00eda, explic\u00f3 que se esta semana se publicar\u00e1 en el Diario Oficial (DOF) y la Secretaria de Hacienda y Credito P\u00fablico (SHCP) dar\u00e1 a conocer los incentivos fiscales que aplicar\u00e1n para estos polos de desarrollo.<\/p>\n<\/div>\n<\/div>\n<\/div>\n<\/div>\n<\/div>\n<\/div>\n<\/div>\n<\/div>\n<div class=\"BlocksPage-bar\"><\/div>\n","protected":false},"excerpt":{"rendered":"<p>La secretar\u00eda de Econom\u00eda se\u00f1ala que las concesiones tendr\u00e1n una vigencia inicial de dos a\u00f1os,&#8230;<\/p>\n","protected":false},"author":1,"featured_media":15551,"comment_status":"open","ping_status":"closed","sticky":false,"template":"","format":"standard","meta":{"footnotes":""},"categories":[2],"tags":[],"class_list":["post-15549","post","type-post","status-publish","format-standard","has-post-thumbnail","hentry","category-nacional"],"_links":{"self":[{"href":"https:\/\/newsqr.com.mx\/index.php?rest_route=\/wp\/v2\/posts\/15549","targetHints":{"allow":["GET"]}}],"collection":[{"href":"https:\/\/newsqr.com.mx\/index.php?rest_route=\/wp\/v2\/posts"}],"about":[{"href":"https:\/\/newsqr.com.mx\/index.php?rest_route=\/wp\/v2\/types\/post"}],"author":[{"embeddable":true,"href":"https:\/\/newsqr.com.mx\/index.php?rest_route=\/wp\/v2\/users\/1"}],"replies":[{"embeddable":true,"href":"https:\/\/newsqr.com.mx\/index.php?rest_route=%2Fwp%2Fv2%2Fcomments&post=15549"}],"version-history":[{"count":0,"href":"https:\/\/newsqr.com.mx\/index.php?rest_route=\/wp\/v2\/posts\/15549\/revisions"}],"wp:featuredmedia":[{"embeddable":true,"href":"https:\/\/newsqr.com.mx\/index.php?rest_route=\/wp\/v2\/media\/15551"}],"wp:attachment":[{"href":"https:\/\/newsqr.com.mx\/index.php?rest_route=%2Fwp%2Fv2%2Fmedia&parent=15549"}],"wp:term":[{"taxonomy":"category","embeddable":true,"href":"https:\/\/newsqr.com.mx\/index.php?rest_route=%2Fwp%2Fv2%2Fcategories&post=15549"},{"taxonomy":"post_tag","embeddable":true,"href":"https:\/\/newsqr.com.mx\/index.php?rest_route=%2Fwp%2Fv2%2Ftags&post=15549"}],"curies":[{"name":"wp","href":"https:\/\/api.w.org\/{rel}","templated":true}]}}