{"id":15555,"date":"2023-05-08T15:15:18","date_gmt":"2023-05-08T20:15:18","guid":{"rendered":"https:\/\/xn--mscarasypolticascozumel-t5b42a.com\/?p=15555"},"modified":"2023-05-08T15:15:18","modified_gmt":"2023-05-08T20:15:18","slug":"buenrostro-le-tiene-fe-al-nearshoring-mexico-puede-ser-potencia-economica-en-30-anos","status":"publish","type":"post","link":"https:\/\/newsqr.com.mx\/?p=15555","title":{"rendered":"Buenrostro \u2018le tiene fe\u2019 al nearshoring: \u2018M\u00e9xico puede ser potencia econ\u00f3mica en 30 a\u00f1os\u2019"},"content":{"rendered":"<div class=\"row\">\n<div class=\"col-sm-xl-12 layout-section wrap-bottom\">\n<h4 class=\"primary-font__PrimaryFontStyles-o56yd5-0 heuGTu h4-primary sub-headline\" style=\"text-align: center;\">La secretaria de Econom\u00eda, Raquel Buenrostro, asegur\u00f3 que M\u00e9xico puede ser una potencia econ\u00f3mica en los pr\u00f3ximos a\u00f1os si se aprovecha el nearshoring.<\/h4>\n<div class=\"default__StyledDiv-cj38t1-0 gCPfDm share-bar\"><\/div>\n<\/div>\n<\/div>\n<div class=\"row\">\n<div class=\"col-sm-md-12 col-lg-xl-8 left-article-section ie-flex-100-percent-sm layout-section\">\n<p class=\"default__StyledText-xb1qmn-0 cgXrXK body-paragraph\">M\u00e9xico puede ser una potencia econ\u00f3mica en los<b>\u00a0pr\u00f3ximos 30 a\u00f1os\u00a0<\/b>si se aprovechan completamente las\u00a0oportunidades del nearshoring, asegur\u00f3 este lunes 8 de mayo la secretaria de Econom\u00eda, Raquel Buenrostro.<\/p>\n<p class=\"default__StyledText-xb1qmn-0 cgXrXK body-paragraph\">Durante la presentaci\u00f3n del proyecto \u201cDesarrollo del Sur-Sureste\u201d, la secretaria Buenrostro declar\u00f3 que el pa\u00eds tiene una\u00a0<b>ventana de oportunidades \u00fanica\u00a0<\/b>que no debe desaprovecharse, que es la relocalizaci\u00f3n de las cadenas de proveedur\u00eda, y para aprovechar ese potencial se deben desarrollar las regiones econ\u00f3micas del pa\u00eds.<\/p>\n<div id=\"arcad-feature-4623\" class=\"default__StyledAdUnit-ijbiyl-0 dmQA-dM arcad-feature margin-md-bottom \">\n<div class=\"arcad-container\">\n<div id=\"lazy_3\">\n<div id=\"inread_oop\" class=\"arcad ad-1x1\" data-google-query-id=\"COzmhs3D5v4CFcVQwQodi6cEAA\">\n<div id=\"google_ads_iframe_\/77835600\/ElFinanciero__internas\/inread_oop_0__container__\"><\/div>\n<\/div>\n<\/div>\n<\/div>\n<\/div>\n<h2 class=\"heading__StyledHeading-sc-5jxglz-0 kSxoe\">M\u00e9xico, en el \u2018momento correcto\u2019 para atraer nuevas inversiones: Slim<\/h2>\n<p class=\"default__StyledText-xb1qmn-0 cgXrXK body-paragraph\">M\u00e9xico se encuentra en el \u2018momento correcto\u2019 para impulsar el\u00a0nearshoring, atraer nuevas inversiones y detonar los ingresos en el sector turismo, asegur\u00f3 Carlos Slim Domit, presidente del consejo de administraci\u00f3n de\u00a0Am\u00e9rica M\u00f3vil\u00a0y\u00a0Grupo Carso, quien asegur\u00f3 que este crecimiento\u00a0<b>deber\u00e1 estar acompa\u00f1ado del desarrollo tecnol\u00f3gico.<\/b><\/p>\n<p class=\"default__StyledText-xb1qmn-0 cgXrXK body-paragraph\">\u201cLa pandemia<b>, junto con la guerra de Ucrania,\u00a0<\/b>aceleraron las disrupciones geopol\u00edticas y geoecon\u00f3micas, M\u00e9xico sali\u00f3 beneficiado y se encuentra en el momento correcto porque se acelerar\u00e1n las inversiones y con ello el crecimiento de la econom\u00eda del pa\u00eds\u201d, asegur\u00f3 Slim Domit durante el tercer d\u00eda del\u00a0Tianguis Tur\u00edstico 2023.<\/p>\n<article class=\"container-fluid inline-promo border border_solid border_top color_black_1\">\n<div class=\"inline-promo-wrapper inline-promo-image\">\n<p class=\"default__StyledText-xb1qmn-0 cgXrXK body-paragraph\">En l\u00ednea con los objetivos del presidente\u00a0Andr\u00e9s Manuel L\u00f3pez Obrador\u00a0para detonar las inversiones y el crecimiento econ\u00f3mico del sureste del pa\u00eds, el empresario asegur\u00f3 que el\u00a0Tren Maya\u00a0y el Corredor Trans\u00edstmico colocar\u00e1n a M\u00e9xico como un referente en Am\u00e9rica Latina.<\/p>\n<p class=\"default__StyledText-xb1qmn-0 cgXrXK body-paragraph\">\u201cPor supuesto, uno de los proyectos m\u00e1s importantes como lo ser\u00e1 el Trans\u00edstmico que, junto con el Tren Maya, van a provocar que se<b>\u00a0detone la inversi\u00f3n en el sureste del pa\u00eds<\/b>\u00a0y, junto con ello, llegar a Centroam\u00e9rica, que nos permitir\u00e1 convertirnos en un referente comercial de toda la regi\u00f3n\u201d, destac\u00f3 el presidente del consejo de administraci\u00f3n de Am\u00e9rica M\u00f3vil.<\/p>\n<\/div>\n<\/article>\n<\/div>\n<\/div>\n","protected":false},"excerpt":{"rendered":"<p>La secretaria de Econom\u00eda, Raquel Buenrostro, asegur\u00f3 que M\u00e9xico puede ser una potencia econ\u00f3mica en&#8230;<\/p>\n","protected":false},"author":1,"featured_media":15557,"comment_status":"open","ping_status":"closed","sticky":false,"template":"","format":"standard","meta":{"footnotes":""},"categories":[2],"tags":[],"class_list":["post-15555","post","type-post","status-publish","format-standard","has-post-thumbnail","hentry","category-nacional"],"_links":{"self":[{"href":"https:\/\/newsqr.com.mx\/index.php?rest_route=\/wp\/v2\/posts\/15555","targetHints":{"allow":["GET"]}}],"collection":[{"href":"https:\/\/newsqr.com.mx\/index.php?rest_route=\/wp\/v2\/posts"}],"about":[{"href":"https:\/\/newsqr.com.mx\/index.php?rest_route=\/wp\/v2\/types\/post"}],"author":[{"embeddable":true,"href":"https:\/\/newsqr.com.mx\/index.php?rest_route=\/wp\/v2\/users\/1"}],"replies":[{"embeddable":true,"href":"https:\/\/newsqr.com.mx\/index.php?rest_route=%2Fwp%2Fv2%2Fcomments&post=15555"}],"version-history":[{"count":0,"href":"https:\/\/newsqr.com.mx\/index.php?rest_route=\/wp\/v2\/posts\/15555\/revisions"}],"wp:featuredmedia":[{"embeddable":true,"href":"https:\/\/newsqr.com.mx\/index.php?rest_route=\/wp\/v2\/media\/15557"}],"wp:attachment":[{"href":"https:\/\/newsqr.com.mx\/index.php?rest_route=%2Fwp%2Fv2%2Fmedia&parent=15555"}],"wp:term":[{"taxonomy":"category","embeddable":true,"href":"https:\/\/newsqr.com.mx\/index.php?rest_route=%2Fwp%2Fv2%2Fcategories&post=15555"},{"taxonomy":"post_tag","embeddable":true,"href":"https:\/\/newsqr.com.mx\/index.php?rest_route=%2Fwp%2Fv2%2Ftags&post=15555"}],"curies":[{"name":"wp","href":"https:\/\/api.w.org\/{rel}","templated":true}]}}