{"id":15558,"date":"2023-05-08T15:21:04","date_gmt":"2023-05-08T20:21:04","guid":{"rendered":"https:\/\/xn--mscarasypolticascozumel-t5b42a.com\/?p=15558"},"modified":"2023-05-08T15:21:04","modified_gmt":"2023-05-08T20:21:04","slug":"suprema-corte-de-mexico-discute-polemica-reforma-electoral","status":"publish","type":"post","link":"https:\/\/newsqr.com.mx\/?p=15558","title":{"rendered":"Suprema Corte de M\u00e9xico discute pol\u00e9mica reforma electoral"},"content":{"rendered":"<p>La Suprema Corte de Justicia de M\u00e9xico discut\u00eda el lunes la posible invalidaci\u00f3n de parte de una reforma electoral sobre propaganda gubernamental impulsada por el presidente Andr\u00e9s Manuel L\u00f3pez Obrador, que de echarse para atr\u00e1s podr\u00eda acrecentar las tensiones entre el Ejecutivo y el m\u00e1ximo tribunal.<\/p>\n<p>Los ministros esperan debatir un proyecto de sentencia, que difundieron la semana pasada algunos medios locales, que plantea la invalidaci\u00f3n de la reforma de las leyes de Comunicaci\u00f3n Social y Responsabilidades Administrativas que aprob\u00f3 en diciembre la mayor\u00eda oficialista del Congreso como parte de un paquete de leyes. Para que el proyecto sea aprobado se requieren los votos de al menos ocho de los 11 ministros.<\/p>\n<p>A pocas horas de la sesi\u00f3n, la Consejer\u00eda Jur\u00eddica del Ejecutivo Federal exhort\u00f3 en un comunicado a los ministros a actuar con responsabilidad y afirm\u00f3 que, de invalidarse parte de la reforma, estar\u00edan sustituyendo la facultad del Congreso de elaborar leyes y \u201cviolar\u00edan la divisi\u00f3n de poderes\u201d, pronunciamiento que fue considerado por analistas como una acci\u00f3n de presi\u00f3n hacia la Corte.<\/p>\n<p>En las \u00faltimas semanas las relaciones entre el gobierno y la Suprema Corte se han tensado luego de que los ministros invalidaron en abril una reforma que transfer\u00eda al Ej\u00e9rcito el control operativo y administrativo de la Guardia Nacional, lo que represent\u00f3 un duro rev\u00e9s para L\u00f3pez Obrador quien ha sustentado su pol\u00edtica de seguridad en el uso de los militares para hacer frente a las poderosas organizaciones criminales que controlan vastas regiones del pa\u00eds.<\/p>\n<p>Tras el rechazo de la reforma militar el gobernante critic\u00f3 duramente a los ministros y anunci\u00f3 que en 2024, \u00faltimo a\u00f1o de su sexenio, promover\u00eda una nueva iniciativa de reforma para consumar el traspaso de la Guardia Nacional a la Secretar\u00eda de la Defensa Nacional.<\/p>\n<p>A fines del a\u00f1o pasado L\u00f3pez Obrador promovi\u00f3 la reforma de seis leyes, conocida como el \u201cPlan B\u201d, luego de que no logr\u00f3 los votos suficientes en el Congreso para una reforma constitucional que implicaba cambios m\u00e1s profundos en materia electoral.<\/p>\n<div class=\"enhancement\" data-click=\"enhancement\" data-align-center=\"\">\n<div id=\"nativo_1\"><\/div>\n<\/div>\n<p>Dos de las seis leyes se aprobaron en diciembre y las cuatro restantes, que redujeron la estructura del Instituto Nacional Electoral (INE) y le restaron facultades de supervisi\u00f3n y sanci\u00f3n a los partidos, se aprobaron dos meses despu\u00e9s y est\u00e1n pendientes de evaluaci\u00f3n por parte de la Corte.<\/p>\n<p>El INE y los partidos opositores presentaron acciones contra el paquete de leyes en la Suprema Corte alegando que los cambios violaron la constituci\u00f3n, mermaron la autonom\u00eda de la instituci\u00f3n, desequilibraron el modelo de comunicaci\u00f3n social y perjudicaron la equidad en la contienda electoral.<\/p>\n<p>L\u00f3pez Obrador ha negado que el paquete de reformas pueda poner en riesgo la realizaci\u00f3n de comicios en M\u00e9xico, como aseguraron las autoridades electorales, y plante\u00f3 que la iniciativa buscaba recortar el oneroso presupuesto del INE y terminar con sus privilegios.<\/p>\n<p>El mandatario se\u00f1al\u00f3 al expresidente del INE, Lorenzo C\u00f3rdova, que sali\u00f3 el mes pasado el cargo luego de nueve a\u00f1os de gesti\u00f3n, de actuar m\u00e1s como opositor al gobierno que como \u00e1rbitro neutral de los comicios. C\u00f3rdova fue reemplazado en abril por Guadalupe Taddei, quien fue electa por la C\u00e1mara de Diputados, de mayor\u00eda oficialista.<\/p>\n","protected":false},"excerpt":{"rendered":"<p>La Suprema Corte de Justicia de M\u00e9xico discut\u00eda el lunes la posible invalidaci\u00f3n de parte&#8230;<\/p>\n","protected":false},"author":1,"featured_media":15560,"comment_status":"open","ping_status":"closed","sticky":false,"template":"","format":"standard","meta":{"footnotes":""},"categories":[2],"tags":[],"class_list":["post-15558","post","type-post","status-publish","format-standard","has-post-thumbnail","hentry","category-nacional"],"_links":{"self":[{"href":"https:\/\/newsqr.com.mx\/index.php?rest_route=\/wp\/v2\/posts\/15558","targetHints":{"allow":["GET"]}}],"collection":[{"href":"https:\/\/newsqr.com.mx\/index.php?rest_route=\/wp\/v2\/posts"}],"about":[{"href":"https:\/\/newsqr.com.mx\/index.php?rest_route=\/wp\/v2\/types\/post"}],"author":[{"embeddable":true,"href":"https:\/\/newsqr.com.mx\/index.php?rest_route=\/wp\/v2\/users\/1"}],"replies":[{"embeddable":true,"href":"https:\/\/newsqr.com.mx\/index.php?rest_route=%2Fwp%2Fv2%2Fcomments&post=15558"}],"version-history":[{"count":0,"href":"https:\/\/newsqr.com.mx\/index.php?rest_route=\/wp\/v2\/posts\/15558\/revisions"}],"wp:featuredmedia":[{"embeddable":true,"href":"https:\/\/newsqr.com.mx\/index.php?rest_route=\/wp\/v2\/media\/15560"}],"wp:attachment":[{"href":"https:\/\/newsqr.com.mx\/index.php?rest_route=%2Fwp%2Fv2%2Fmedia&parent=15558"}],"wp:term":[{"taxonomy":"category","embeddable":true,"href":"https:\/\/newsqr.com.mx\/index.php?rest_route=%2Fwp%2Fv2%2Fcategories&post=15558"},{"taxonomy":"post_tag","embeddable":true,"href":"https:\/\/newsqr.com.mx\/index.php?rest_route=%2Fwp%2Fv2%2Ftags&post=15558"}],"curies":[{"name":"wp","href":"https:\/\/api.w.org\/{rel}","templated":true}]}}