{"id":15673,"date":"2023-05-11T16:17:13","date_gmt":"2023-05-11T21:17:13","guid":{"rendered":"https:\/\/xn--mscarasypolticascozumel-t5b42a.com\/?p=15673"},"modified":"2023-05-11T16:17:13","modified_gmt":"2023-05-11T21:17:13","slug":"en-cozumel-castigaran-a-quien-extraiga-caracol-rosado-que-esta-en-veda","status":"publish","type":"post","link":"https:\/\/newsqr.com.mx\/?p=15673","title":{"rendered":"En Cozumel, castigaran a quien extraiga Caracol Rosado que est\u00e1 en veda"},"content":{"rendered":"<div class=\"ql-align-justify\">Autoridades de la isla de las golondrinas exhortan a la comunidad isle\u00f1a a no incurrir a un delito al extraer de las aguas cozumele\u00f1as el Caracol Rosado, ya que esta especie est\u00e1 en peligro y que desde el primero de mayo se encuentra en veda para todo el litoral de Quintana Roo.<\/div>\n<div class=\"ql-align-justify\"><\/div>\n<div class=\"ql-align-justify\">Esta especie no debe ser comercializada en el periodo de veda, particularmente hablando del municipio de Cozumel, por ello, las autoridades mencionan que es muy importante respetar los tiempos de veda, ya que de no respetar este tiempo, podr\u00eda ser castigado hasta con 9 a\u00f1os de prisi\u00f3n.<\/div>\n<div class=\"ql-align-justify\"><\/div>\n<div class=\"ql-align-justify\">Cabe destacar que no hay permisos para extraer a esta especie, por ello, todo aquel que extraiga esta especie del mar, se comercializa o se compra, las autoridades proceden a disponer a quien haya cometido el delito con las autoridades correspondientes.<\/div>\n<div class=\"ql-align-justify\"><\/div>\n<div class=\"ql-align-justify\">La intenci\u00f3n de esta veda, consiste en contribuir a su conservaci\u00f3n y protecci\u00f3n, especialmente estas fechas cuando se dan sus periodos de reproducci\u00f3n.<\/div>\n<div class=\"ql-align-justify\"><\/div>\n<div class=\"ql-align-justify\">Esta especie se considera afrodisiaca para muchos, por ello, su comercializaci\u00f3n clandestina no se detiene, por ello, las autoridades han tomado cartas en el asunto, y han decidido castigar hasta con nueve a\u00f1os de prisi\u00f3n y tres mil d\u00edas de multa a quien, capture, transforme, acopie, transporte o da\u00f1e ejemplares de especies acu\u00e1ticas declaradas en veda.<\/div>\n","protected":false},"excerpt":{"rendered":"<p>Autoridades de la isla de las golondrinas exhortan a la comunidad isle\u00f1a a no incurrir&#8230;<\/p>\n","protected":false},"author":1,"featured_media":15675,"comment_status":"open","ping_status":"closed","sticky":false,"template":"","format":"standard","meta":{"footnotes":""},"categories":[10],"tags":[],"class_list":["post-15673","post","type-post","status-publish","format-standard","has-post-thumbnail","hentry","category-local"],"_links":{"self":[{"href":"https:\/\/newsqr.com.mx\/index.php?rest_route=\/wp\/v2\/posts\/15673","targetHints":{"allow":["GET"]}}],"collection":[{"href":"https:\/\/newsqr.com.mx\/index.php?rest_route=\/wp\/v2\/posts"}],"about":[{"href":"https:\/\/newsqr.com.mx\/index.php?rest_route=\/wp\/v2\/types\/post"}],"author":[{"embeddable":true,"href":"https:\/\/newsqr.com.mx\/index.php?rest_route=\/wp\/v2\/users\/1"}],"replies":[{"embeddable":true,"href":"https:\/\/newsqr.com.mx\/index.php?rest_route=%2Fwp%2Fv2%2Fcomments&post=15673"}],"version-history":[{"count":0,"href":"https:\/\/newsqr.com.mx\/index.php?rest_route=\/wp\/v2\/posts\/15673\/revisions"}],"wp:featuredmedia":[{"embeddable":true,"href":"https:\/\/newsqr.com.mx\/index.php?rest_route=\/wp\/v2\/media\/15675"}],"wp:attachment":[{"href":"https:\/\/newsqr.com.mx\/index.php?rest_route=%2Fwp%2Fv2%2Fmedia&parent=15673"}],"wp:term":[{"taxonomy":"category","embeddable":true,"href":"https:\/\/newsqr.com.mx\/index.php?rest_route=%2Fwp%2Fv2%2Fcategories&post=15673"},{"taxonomy":"post_tag","embeddable":true,"href":"https:\/\/newsqr.com.mx\/index.php?rest_route=%2Fwp%2Fv2%2Ftags&post=15673"}],"curies":[{"name":"wp","href":"https:\/\/api.w.org\/{rel}","templated":true}]}}