{"id":15703,"date":"2023-05-12T15:23:06","date_gmt":"2023-05-12T20:23:06","guid":{"rendered":"https:\/\/xn--mscarasypolticascozumel-t5b42a.com\/?p=15703"},"modified":"2023-05-12T15:23:06","modified_gmt":"2023-05-12T20:23:06","slug":"prima-vacacional-en-mexico-2023-como-se-paga-quienes-tienen-derecho-y-a-cuanto-equivale","status":"publish","type":"post","link":"https:\/\/newsqr.com.mx\/?p=15703","title":{"rendered":"Prima vacacional en M\u00e9xico 2023: c\u00f3mo se paga, qui\u00e9nes tienen derecho y a cu\u00e1nto equivale"},"content":{"rendered":"<header class=\"a_e _g _g-xs\">\n<div class=\"a_e_txt _df\">\n<h4 class=\"a_st\" style=\"text-align: center;\">La prestaci\u00f3n aument\u00f3 a partir de enero de este a\u00f1o con los cambios en la Ley Federal del Trabajo, por lo que los trabajadores tienen el doble de d\u00edas disponibles en su periodo vacacional<\/h4>\n<\/div>\n<\/header>\n<div class=\"a_md _g _g-xs ni\">\n<div class=\"a_md_txt\">\n<p class=\"\">Los trabajadores mexicanos que hayan firmado un contrato con alguna empresa en el pa\u00eds tienen derecho a una prestaci\u00f3n llamada prima vacacional que, de acuerdo con la\u00a0Ley Federal del Trabajo en M\u00e9xico, se asigna desde el primer d\u00eda laborado. As\u00ed como\u00a0el aguinaldo y el seguro social o las utilidades, que dependen de cada compa\u00f1\u00eda, esta se paga en cierto momento del a\u00f1o.<\/p>\n<h3 class=\"\">\u00bfQui\u00e9nes tienen derecho y c\u00f3mo se calcula?<\/h3>\n<p class=\"\">Por ley, todos los trabajadores que firmen contrato con una empresa tienen derecho a recibir este pago despu\u00e9s de un a\u00f1o a partir de la fecha de ingreso. La prima vacacional est\u00e1 tasada a un 25% del salario asignado para usarlo durante las vacaciones, de acuerdo con la Ley Federal.<\/p>\n<p class=\"\">Para saber a cu\u00e1nto equivale hay que tomar en cuenta dos datos: se debe multiplicar el concepto de sueldo diario, detallado en el recibo de n\u00f3mina, por los d\u00edas de vacaciones se\u00f1alados en el contrato que aumentan a\u00f1o con a\u00f1o y este resultado multiplicarlo por 0.25 para conocer el monto total.<\/p>\n<p class=\"\">A partir de este a\u00f1o con la resoluci\u00f3n del Senado mexicano,\u00a0las vacaciones para los trabajadores mexicanos se duplicaron\u00a0y, adem\u00e1s de disponer de un m\u00ednimo de 12 d\u00edas conforme a la Ley Federal del Trabajo, el pago para esta prestaci\u00f3n tambi\u00e9n incrementar\u00eda la cantidad final a recibir.<\/p>\n<h3 class=\"\">\u00bfCu\u00e1ntos d\u00edas de vacaciones tienen los mexicanos?<\/h3>\n<p class=\"\">Las llamadas\u00a0vacaciones dignas, que fueron reformadas en los art\u00edculos 76 y 78 de la Ley Federal del Trabajo desde el 1 de enero de 2023 se\u00f1alan: \u201cLas personas trabajadoras que tengan m\u00e1s de un a\u00f1o de servicios disfrutar\u00e1n de un periodo anual de vacaciones pagadas, que en ning\u00fan caso podr\u00e1 ser inferior a 12 d\u00edas laborables, y que aumentar\u00e1 en dos d\u00edas laborables, hasta llegar a veinte, por cada a\u00f1o subsecuente de servicios. A partir del sexto a\u00f1o, el periodo de vacaciones aumentar\u00e1 en dos d\u00edas por cada cinco de servicios\u201d.<\/p>\n<p class=\"\">Esto se uni\u00f3 a lo aprobado en el art\u00edculo 78, que detalla c\u00f3mo se puede hacer uso de estos, desde tomarlos de manera continua hasta distribuirlos en varios periodos \u201ca potestad de la persona trabajadora en la forma y tiempo que as\u00ed lo requiera\u201d.<\/p>\n<h3 class=\"\">\u00bfC\u00f3mo y cu\u00e1ndo se paga?<\/h3>\n<p class=\"\">El pago de esta prestaci\u00f3n se realiza en la fecha cercana a cumplir el a\u00f1o de trabajo en la empresa donde trabajador y patr\u00f3n firmaron un contrato. Esta aparecer\u00e1 dentro del recibo de n\u00f3mina como parte del pago por el concepto de prima vacacional.<\/p>\n<h3 class=\"\">\u00bfEsta prestaci\u00f3n est\u00e1 exenta de impuestos?<\/h3>\n<p class=\"\">Uno de los ingresos que no paga impuestos ante el Servicio de Administraci\u00f3n Tributaria (SAT) es la prima vacacional, de acuerdo con el art\u00edculo 94 de la\u00a0Ley del Impuesto Sobre la Renta, que se\u00f1ala: \u201cSe consideran ingresos por la prestaci\u00f3n de un servicio personal subordinado, los salarios y dem\u00e1s prestaciones que deriven de una relaci\u00f3n laboral\u201d. Sin embargo, solo est\u00e1 exenta si no resaba 15 veces el valor de las\u00a0Unidades de Medida y Actualizaci\u00f3n (UMA), lo equivalente a 1.556 pesos mexicanos, seg\u00fan la actualizaci\u00f3n del Instituto Nacional de Estad\u00edstica y Geograf\u00eda (INEGI) en febrero de 2023.<\/p>\n<\/div>\n<\/div>\n","protected":false},"excerpt":{"rendered":"<p>La prestaci\u00f3n aument\u00f3 a partir de enero de este a\u00f1o con los cambios en la&#8230;<\/p>\n","protected":false},"author":1,"featured_media":15705,"comment_status":"open","ping_status":"closed","sticky":false,"template":"","format":"standard","meta":{"footnotes":""},"categories":[2],"tags":[],"class_list":["post-15703","post","type-post","status-publish","format-standard","has-post-thumbnail","hentry","category-nacional"],"_links":{"self":[{"href":"https:\/\/newsqr.com.mx\/index.php?rest_route=\/wp\/v2\/posts\/15703","targetHints":{"allow":["GET"]}}],"collection":[{"href":"https:\/\/newsqr.com.mx\/index.php?rest_route=\/wp\/v2\/posts"}],"about":[{"href":"https:\/\/newsqr.com.mx\/index.php?rest_route=\/wp\/v2\/types\/post"}],"author":[{"embeddable":true,"href":"https:\/\/newsqr.com.mx\/index.php?rest_route=\/wp\/v2\/users\/1"}],"replies":[{"embeddable":true,"href":"https:\/\/newsqr.com.mx\/index.php?rest_route=%2Fwp%2Fv2%2Fcomments&post=15703"}],"version-history":[{"count":0,"href":"https:\/\/newsqr.com.mx\/index.php?rest_route=\/wp\/v2\/posts\/15703\/revisions"}],"wp:featuredmedia":[{"embeddable":true,"href":"https:\/\/newsqr.com.mx\/index.php?rest_route=\/wp\/v2\/media\/15705"}],"wp:attachment":[{"href":"https:\/\/newsqr.com.mx\/index.php?rest_route=%2Fwp%2Fv2%2Fmedia&parent=15703"}],"wp:term":[{"taxonomy":"category","embeddable":true,"href":"https:\/\/newsqr.com.mx\/index.php?rest_route=%2Fwp%2Fv2%2Fcategories&post=15703"},{"taxonomy":"post_tag","embeddable":true,"href":"https:\/\/newsqr.com.mx\/index.php?rest_route=%2Fwp%2Fv2%2Ftags&post=15703"}],"curies":[{"name":"wp","href":"https:\/\/api.w.org\/{rel}","templated":true}]}}