{"id":15706,"date":"2023-05-12T15:34:53","date_gmt":"2023-05-12T20:34:53","guid":{"rendered":"https:\/\/xn--mscarasypolticascozumel-t5b42a.com\/?p=15706"},"modified":"2023-05-12T15:34:53","modified_gmt":"2023-05-12T20:34:53","slug":"la-reforma-fiscal-que-mexico-necesita-un-llamado-a-la-justicia-y-la-equidad-tributaria","status":"publish","type":"post","link":"https:\/\/newsqr.com.mx\/?p=15706","title":{"rendered":"La reforma fiscal que M\u00e9xico necesita: un llamado a la justicia y la equidad tributaria"},"content":{"rendered":"<p class=\"jsx-3954459878\">En el primer trimestre de 2023, el monto de los cr\u00e9ditos fiscales, que son adeudos con la autoridad fiscal, de los grandes contribuyentes, aquellos que tienen ingresos anuales superiores a los 1,500 millones de pesos, sigui\u00f3 en aumento. De enero a marzo, el monto registr\u00f3 546,648 millones de pesos, lo que signific\u00f3 un crecimiento anual de 24% en t\u00e9rminos reales, de acuerdo con el Informe sobre la Situaci\u00f3n Econ\u00f3mica, las Finanzas P\u00fablicas y la Deuda P\u00fablica que elabora la Secretar\u00eda de Hacienda y Cr\u00e9dito P\u00fablico (SHCP).<\/p>\n<div id=\"espacio_teads\" class=\"jsx-1020194127 adNewChild fi-aic_250\"><\/div>\n<p class=\"jsx-3954459878\">Los datos reportan que los adeudos fiscales totales del rubro de personas morales, donde se incluye a grandes contribuyentes, sum\u00f3 1 bill\u00f3n 529,377 millones de pesos, un crecimiento anual real de 13.1%. Por su parte, el saldo total de adeudos fiscales, el cual tambi\u00e9n considera las personas f\u00edsicas, registr\u00f3 1 bill\u00f3n 849,110 millones de pesos en los tres primeros meses del a\u00f1o, lo que confirm\u00f3 un crecimiento anual de 13.1% real. Seg\u00fan expertos, como Pedro Canaval, socio de la firma Baker Tilly, entrevistado por\u00a0<a>Santiago Renteria<\/a>, esto se ha debido principalmente por la intensificaci\u00f3n de la labor de fiscalizaci\u00f3n del Servicio de Administraci\u00f3n Tributaria que incluye la identificaci\u00f3n de omisiones en las declaraciones fiscales, el reconocimiento de adeudos de a\u00f1os anteriores, y adeudos incobrables (que ascendi\u00f3 a 190,460 mdp), principalmente como efecto de la pandemia por Covid19, periodo en el que -con cifras del Instituto Nacional de Estad\u00edstica y Geograf\u00eda (INEGI)- murieron 1.6 millones de micro, peque\u00f1as y medianas empresas (MiPymes) por insolvencia, desaparici\u00f3n, fusi\u00f3n o escisi\u00f3n de empresas.<\/p>\n<p class=\"jsx-3954459878\">Los ingresos tributarios entre enero y abril registran un incremento real de 2.4%. El crecimiento observado entre enero y abril de este a\u00f1o es menor a 4.6% registrado el mismo periodo del a\u00f1o pasado, de acuerdo con informaci\u00f3n oficial. De llamar la atenci\u00f3n es la disminuci\u00f3n del ISR de 17.7% respecto a lo observado entre enero y abril de 2022, que, a juicio de los economistas, refleja tambi\u00e9n los efectos de una desaceleraci\u00f3n econ\u00f3mica. Si observamos la actividad econ\u00f3mica podemos advertir que \u00e9sta creci\u00f3, de manera mensual, 0.56% en enero, 0.73% en febrero y 0.1% en marzo, lo que confirma la intuici\u00f3n, de acuerdo con el Indicador Oportuno de la Actividad econ\u00f3mica (IOAE) del INEGI.<\/p>\n<p class=\"jsx-3954459878\">La ca\u00edda de los ingresos tributarios nos obliga a pensar en la trayectoria que recorreremos hacia el final de la presente administraci\u00f3n, o el principio de la siguiente; en la necesidad de incrementar los recursos fiscales para poder cubrir todas las necesidades que exige el Presupuesto de Egresos Federal, sin caer en una mayor deuda p\u00fablica o en un mayor d\u00e9ficit fiscal. Debe ser una reforma fiscal que apuntalara la competitividad del pa\u00eds en lugar de frenarla.<\/p>\n<p class=\"jsx-3954459878\">En primer lugar, urge distinguir de mejor manera las cargas fiscales que tienen las empresas seg\u00fan su tama\u00f1o. Tambi\u00e9n es necesario que se mejore la actividad recaudatoria, al tiempo de que se disminuya la carga fiscal para las peque\u00f1as y medianas empresas y se eliminen regulaciones estorbosas para ellas. Recordemos que la MiPymes son responsables de ofrecer el 72% del empleo del pa\u00eds. No obstante, ellas tambi\u00e9n son un factor disfuncional para el sistema econ\u00f3mico al representar el 55.6% del trabajo informal.<\/p>\n<p class=\"jsx-3954459878\">En segundo lugar, hace falta innovar en las propuestas para mejorar la recaudaci\u00f3n. Una de las doctrinas de las que se puede echar mano para plantear una reforma fiscal es la llamada \u201ceconom\u00eda de la oferta\u201d, que sostiene que se puede alcanzar el crecimiento econ\u00f3mico con mayor eficacia si se adoptan medidas que incrementen la oferta agregada mediante una reducci\u00f3n de barreras para las personas que producen (oferta) bienes y servicios. Los impulsores de estas ideas,los \u00absupply-siders\u00bb son partidarios de reducir cargas fiscales y dar mayor flexibilidad al sistema. Esto incluye el ajustar las tasas de impuestos a MiPymes y personas f\u00edsicas asalariadas con base en herramientas como la denominada \u00abcurva de Laffer\u00bb, que establece un equilibrio entre la cantidad de tributos que los ciudadanos est\u00e1n dispuestos a pagar y la recaudaci\u00f3n necesaria para sufragar los servicios p\u00fablicos, estableciendo como premisa que, la recaudaci\u00f3n p\u00fablica es nula cuando se cobra demasiado o cuando no se cobra nada. Esta corriente tambi\u00e9n apoya el tipo fijo en el Impuesto sobre la Renta o \u201cflat tax\u201d, una revisi\u00f3n de los servicios p\u00fablicos para privatizar los que no requieran intervenci\u00f3n estatal y, en especial, una revisi\u00f3n profunda a los\u00a0planes de pensiones. Estas ideas podr\u00edan tambi\u00e9n integrarse a otras como desarrollar esquemas de impuestos indirectos con mecanismos de compensaci\u00f3n r\u00e1pida y directa a poblaci\u00f3n afectada por la regresividad del impuesto -las familias m\u00e1s pobres pagan un mayor porcentaje de impuesto indirecto en funci\u00f3n de su ingreso-, como la distribuci\u00f3n de canastas b\u00e1sicas, vales para medicinas o transporte, o devoluci\u00f3n fiscal bajo esquemas modernos de Impuesto al Valor Agregado (IVA).<\/p>\n<p class=\"jsx-3954459878 fi-aic_250\">Hoy en d\u00eda existe una nueva modalidad de IVA que procura una consolidaci\u00f3n fiscal con equidad, seg\u00fan lo\u00a0<a>promueve<\/a>\u00a0el Banco Interamericano de Desarrollo (BID). Este esquema de \u201cIVA personalizado\u201d consiste en i) generalizar la base imponible aumentando el recaudo, con exenciones solamente en educaci\u00f3n y salud; ii) procurar que se grave a una tasa \u00fanica para maximizar la neutralidad del impuesto y favorecer su gesti\u00f3n; y iii) lograr un alivio mediante la devoluci\u00f3n de la carga (aumento) del impuesto para aquellos individuos que sea necesario beneficiar.<\/p>\n<p class=\"jsx-3954459878\">La digitalizaci\u00f3n actualmente permite que la implementaci\u00f3n y evaluaci\u00f3n de este tipo de IVA sea factible. Adem\u00e1s, este impuesto indirecto flexible tiene la virtud de ser autofinanciable, lo que favorece su control social y presupuestario, pudiendo incrementar as\u00ed su aceptaci\u00f3n entre sectores resistentes a abandonar la informalidad. Incluso, el BID considera que podr\u00eda impulsarse la educaci\u00f3n financiera en la poblaci\u00f3n de forma m\u00e1s efectiva. Argentina, Colombia, Ecuador y Uruguay ya est\u00e1n implementando algunos programas con este enfoque tributario.<\/p>\n<p class=\"jsx-3954459878\">Finalmente, una reforma fiscal tambi\u00e9n debe fortalecer la recaudaci\u00f3n del impuesto predial, un impuesto relacionado con la riqueza de los hogares sobre bienes inmuebles, cuesti\u00f3n que facilita la gesti\u00f3n recaudatoria si se aplican nuevas tecnolog\u00edas en el sistema de informaci\u00f3n. En Am\u00e9rica Latina el nivel de recaudaci\u00f3n ha permanecido pr\u00e1cticamente estancado en alrededor del 0.4% del PIB, seg\u00fan\u00a0el BID, pero en M\u00e9xico, la recaudaci\u00f3n ronda apenas el 0.2%. Para poder potenciar la recaudaci\u00f3n de este impuesto, los gobiernos deben, entre otras medidas, modernizar mediante sistemas de block chain, por ejemplo, sus sistemas de catastros, y fortalecer las administraciones tributarias locales, ya que estos impuestos tienden a ser recaudados por gobiernos estatales, lo que significa que podr\u00edan aprovechar la oportunidad para robustecer sus finanzas p\u00fablicas.<\/p>\n","protected":false},"excerpt":{"rendered":"<p>En el primer trimestre de 2023, el monto de los cr\u00e9ditos fiscales, que son adeudos&#8230;<\/p>\n","protected":false},"author":1,"featured_media":15708,"comment_status":"open","ping_status":"closed","sticky":false,"template":"","format":"standard","meta":{"footnotes":""},"categories":[2],"tags":[],"class_list":["post-15706","post","type-post","status-publish","format-standard","has-post-thumbnail","hentry","category-nacional"],"_links":{"self":[{"href":"https:\/\/newsqr.com.mx\/index.php?rest_route=\/wp\/v2\/posts\/15706","targetHints":{"allow":["GET"]}}],"collection":[{"href":"https:\/\/newsqr.com.mx\/index.php?rest_route=\/wp\/v2\/posts"}],"about":[{"href":"https:\/\/newsqr.com.mx\/index.php?rest_route=\/wp\/v2\/types\/post"}],"author":[{"embeddable":true,"href":"https:\/\/newsqr.com.mx\/index.php?rest_route=\/wp\/v2\/users\/1"}],"replies":[{"embeddable":true,"href":"https:\/\/newsqr.com.mx\/index.php?rest_route=%2Fwp%2Fv2%2Fcomments&post=15706"}],"version-history":[{"count":0,"href":"https:\/\/newsqr.com.mx\/index.php?rest_route=\/wp\/v2\/posts\/15706\/revisions"}],"wp:featuredmedia":[{"embeddable":true,"href":"https:\/\/newsqr.com.mx\/index.php?rest_route=\/wp\/v2\/media\/15708"}],"wp:attachment":[{"href":"https:\/\/newsqr.com.mx\/index.php?rest_route=%2Fwp%2Fv2%2Fmedia&parent=15706"}],"wp:term":[{"taxonomy":"category","embeddable":true,"href":"https:\/\/newsqr.com.mx\/index.php?rest_route=%2Fwp%2Fv2%2Fcategories&post=15706"},{"taxonomy":"post_tag","embeddable":true,"href":"https:\/\/newsqr.com.mx\/index.php?rest_route=%2Fwp%2Fv2%2Ftags&post=15706"}],"curies":[{"name":"wp","href":"https:\/\/api.w.org\/{rel}","templated":true}]}}