{"id":15797,"date":"2023-05-15T18:19:21","date_gmt":"2023-05-15T23:19:21","guid":{"rendered":"https:\/\/xn--mscarasypolticascozumel-t5b42a.com\/?p=15797"},"modified":"2023-05-15T18:19:21","modified_gmt":"2023-05-15T23:19:21","slug":"en-cozumel-se-preparan-para-el-inicio-de-la-temporada-de-ciclones-tropicales","status":"publish","type":"post","link":"https:\/\/newsqr.com.mx\/?p=15797","title":{"rendered":"En Cozumel se preparan para el inicio de la temporada de ciclones tropicales"},"content":{"rendered":"<p class=\"ql-align-justify\">La ma\u00f1ana de este lunes, la direcci\u00f3n de Protecci\u00f3n Civil llev\u00f3 a cabo una mesa de trabajo con integrantes del Consejo municipal de Protecci\u00f3n Civil y Comit\u00e9 Operativo Especializado en Fen\u00f3menos Hidrometeorol\u00f3gicos (COEFH), para reafirmar acciones previo al inicio a la temporada de ciclones tropicales que comienza de manera oficial 1 de junio para el Oc\u00e9ano Atl\u00e1ntico y Mar Caribe, a fin de brindar pronta respuesta en caso de contingencia en beneficio de la ciudadan\u00eda de Cozumel.<\/p>\n<p class=\"ql-align-justify\">Debido a que por la ubicaci\u00f3n geogr\u00e1fica de Cozumel est\u00e1 propensa a sufrir los embates de un cicl\u00f3n tropical, el Gobierno Municipal que preside Juanita Alonso Marrufo realiz\u00f3 una reuni\u00f3n para reafirmar las funciones que deber\u00e1n efectuar los 13 subcomit\u00e9s para enfrentar de manera organizada las situaciones de riesgo y emergencia que surjan en esta temporada 2023.<\/p>\n<p class=\"ql-align-justify\">En la reuni\u00f3n se dio a conocer que el lunes 22 de mayo se llevar\u00e1 a cabo un ejercicio con todos los involucrados, mediante el cual se har\u00e1 un simulacro en el que se establecer\u00e1 la hip\u00f3tesis de la amenaza de un cicl\u00f3n tropical a costas cozumele\u00f1as, que hasta ese d\u00eda se dar\u00e1n los detalles de la misma.<\/p>\n<p class=\"ql-align-justify\">Asimismo se inform\u00f3 que previo al inicio oficial de la temporada de huracanes para el Oc\u00e9ano Atl\u00e1ntico y Mar Caribe el 1 de junio, en presencia de autoridades estatales de Protecci\u00f3n Civil, el 29 de mayo se llevar\u00e1 a cabo la instalaci\u00f3n del COEFH.<\/p>\n","protected":false},"excerpt":{"rendered":"<p>La ma\u00f1ana de este lunes, la direcci\u00f3n de Protecci\u00f3n Civil llev\u00f3 a cabo una mesa&#8230;<\/p>\n","protected":false},"author":1,"featured_media":15799,"comment_status":"open","ping_status":"closed","sticky":false,"template":"","format":"standard","meta":{"footnotes":""},"categories":[10],"tags":[],"class_list":["post-15797","post","type-post","status-publish","format-standard","has-post-thumbnail","hentry","category-local"],"_links":{"self":[{"href":"https:\/\/newsqr.com.mx\/index.php?rest_route=\/wp\/v2\/posts\/15797","targetHints":{"allow":["GET"]}}],"collection":[{"href":"https:\/\/newsqr.com.mx\/index.php?rest_route=\/wp\/v2\/posts"}],"about":[{"href":"https:\/\/newsqr.com.mx\/index.php?rest_route=\/wp\/v2\/types\/post"}],"author":[{"embeddable":true,"href":"https:\/\/newsqr.com.mx\/index.php?rest_route=\/wp\/v2\/users\/1"}],"replies":[{"embeddable":true,"href":"https:\/\/newsqr.com.mx\/index.php?rest_route=%2Fwp%2Fv2%2Fcomments&post=15797"}],"version-history":[{"count":0,"href":"https:\/\/newsqr.com.mx\/index.php?rest_route=\/wp\/v2\/posts\/15797\/revisions"}],"wp:featuredmedia":[{"embeddable":true,"href":"https:\/\/newsqr.com.mx\/index.php?rest_route=\/wp\/v2\/media\/15799"}],"wp:attachment":[{"href":"https:\/\/newsqr.com.mx\/index.php?rest_route=%2Fwp%2Fv2%2Fmedia&parent=15797"}],"wp:term":[{"taxonomy":"category","embeddable":true,"href":"https:\/\/newsqr.com.mx\/index.php?rest_route=%2Fwp%2Fv2%2Fcategories&post=15797"},{"taxonomy":"post_tag","embeddable":true,"href":"https:\/\/newsqr.com.mx\/index.php?rest_route=%2Fwp%2Fv2%2Ftags&post=15797"}],"curies":[{"name":"wp","href":"https:\/\/api.w.org\/{rel}","templated":true}]}}