{"id":15830,"date":"2023-05-16T15:14:18","date_gmt":"2023-05-16T20:14:18","guid":{"rendered":"https:\/\/xn--mscarasypolticascozumel-t5b42a.com\/?p=15830"},"modified":"2023-05-16T15:14:18","modified_gmt":"2023-05-16T20:14:18","slug":"peru-rechaza-declaraciones-injerencistas-de-los-presidentes-de-mexico-y-de-colombia","status":"publish","type":"post","link":"https:\/\/newsqr.com.mx\/?p=15830","title":{"rendered":"Per\u00fa rechaza declaraciones \u201cinjerencistas\u201d de los presidentes de M\u00e9xico y de Colombia"},"content":{"rendered":"<p>La canciller de Per\u00fa, Ana Cecilia Gervasi, expres\u00f3 su rechazo a las declaraciones que tild\u00f3 de \u201cinjerencistas\u201d del presidente de M\u00e9xico, Andr\u00e9s Manuel L\u00f3pez Obrador, quien este lunes, durante su conferencia de prensa, llam\u00f3 \u201cusurpadora\u201d a su hom\u00f3loga de Per\u00fa, Dina Boluarte, e insisti\u00f3 en que no le entregar\u00e1 la presidencia pro tempore de la Alianza del Pac\u00edfico que le corresponde al pa\u00eds sudamericano.<\/p>\n<p>&nbsp;<\/p>\n<p>Con un mensaje en video difundido este lunes, la canciller tambi\u00e9n hizo referencia a lo expresado este domingo por el presidente de Colombia, Gustavo Petro, quien en su cuenta de Twitter acus\u00f3 a la fiscal general de Per\u00fa de haber protagonizado un golpe de Estado. Tanto L\u00f3pez Obrador como Petro han expresado su apoyo al expresidente Pedro Castillo.<\/p>\n<p>Gervasi dijo que el golpe de Estado fue hecho por Castillo en diciembre del a\u00f1o pasado y defendi\u00f3 el Gobierno de Boluarte.<\/p>\n<p>\u00abEl Ministerio de Relaciones Exteriores del Per\u00fa expresa su m\u00e1s categ\u00f3rico rechazo a las recientes y reiteradas declaraciones injerencistas, irresponsables e ideologizadas de los se\u00f1ores Petro de Colombia y L\u00f3pez de M\u00e9xico, quienes insisten en desconocer el golpe de Estado perpetrado por el expresidente Pedro Castillo el 7 de diciembre de 2022, y la sucesi\u00f3n leg\u00edtima y constitucional de la se\u00f1ora Presidenta de la Rep\u00fablica (Dina Boluarte)\u00bb, coment\u00f3 Gervasi en el video.<\/p>\n<p>\u201cMuestra tambi\u00e9n un evidente inter\u00e9s de tergiversar la realidad con el aparente fin de ocultar los problemas internos de ingobernabilidad que ambos enfrentan en sus respectivos pa\u00edses\u201d, agreg\u00f3 la canciller.<\/p>\n<p>Este lunes, L\u00f3pez Obrador se refiri\u00f3 a la presidencia pro-tempore de la Alianza del Pac\u00edfico y dijo que \u00abse la podemos entregar a Chile o a Colombia y que ellos vean qu\u00e9 hacen. Pero esta se\u00f1ora (por Boluarte), con todo respeto, usurpadora, expuls\u00f3 a nuestro embajador del Per\u00fa\u201d.<\/p>\n<p>Castillo, quien intent\u00f3 disolver el Congreso de Per\u00fa en diciembre de 2022, perdi\u00f3 el respaldo de las Fuerzas Armadas y fue destituido, y est\u00e1 detenido desde entonces. Actualmente cumple una medida de prisi\u00f3n preventiva de 18 meses debido a que es investigado por presunta rebeli\u00f3n o conspiraci\u00f3n para la rebeli\u00f3n, abuso de autoridad y grave perturbaci\u00f3n de la tranquilidad p\u00fablica.<\/p>\n<p>El expresidente recibi\u00f3 otra orden de prisi\u00f3n preventiva concurrente de 36 meses en una investigaci\u00f3n por supuesto tr\u00e1fico de influencias, organizaci\u00f3n criminal y colusi\u00f3n, de acuerdo con una resoluci\u00f3n judicial.<\/p>\n","protected":false},"excerpt":{"rendered":"<p>La canciller de Per\u00fa, Ana Cecilia Gervasi, expres\u00f3 su rechazo a las declaraciones que tild\u00f3&#8230;<\/p>\n","protected":false},"author":1,"featured_media":15832,"comment_status":"open","ping_status":"closed","sticky":false,"template":"","format":"standard","meta":{"footnotes":""},"categories":[8],"tags":[],"class_list":["post-15830","post","type-post","status-publish","format-standard","has-post-thumbnail","hentry","category-politica"],"_links":{"self":[{"href":"https:\/\/newsqr.com.mx\/index.php?rest_route=\/wp\/v2\/posts\/15830","targetHints":{"allow":["GET"]}}],"collection":[{"href":"https:\/\/newsqr.com.mx\/index.php?rest_route=\/wp\/v2\/posts"}],"about":[{"href":"https:\/\/newsqr.com.mx\/index.php?rest_route=\/wp\/v2\/types\/post"}],"author":[{"embeddable":true,"href":"https:\/\/newsqr.com.mx\/index.php?rest_route=\/wp\/v2\/users\/1"}],"replies":[{"embeddable":true,"href":"https:\/\/newsqr.com.mx\/index.php?rest_route=%2Fwp%2Fv2%2Fcomments&post=15830"}],"version-history":[{"count":0,"href":"https:\/\/newsqr.com.mx\/index.php?rest_route=\/wp\/v2\/posts\/15830\/revisions"}],"wp:featuredmedia":[{"embeddable":true,"href":"https:\/\/newsqr.com.mx\/index.php?rest_route=\/wp\/v2\/media\/15832"}],"wp:attachment":[{"href":"https:\/\/newsqr.com.mx\/index.php?rest_route=%2Fwp%2Fv2%2Fmedia&parent=15830"}],"wp:term":[{"taxonomy":"category","embeddable":true,"href":"https:\/\/newsqr.com.mx\/index.php?rest_route=%2Fwp%2Fv2%2Fcategories&post=15830"},{"taxonomy":"post_tag","embeddable":true,"href":"https:\/\/newsqr.com.mx\/index.php?rest_route=%2Fwp%2Fv2%2Ftags&post=15830"}],"curies":[{"name":"wp","href":"https:\/\/api.w.org\/{rel}","templated":true}]}}