{"id":16315,"date":"2023-06-02T15:13:23","date_gmt":"2023-06-02T20:13:23","guid":{"rendered":"https:\/\/xn--mscarasypolticascozumel-t5b42a.com\/?p=16315"},"modified":"2023-06-02T15:13:23","modified_gmt":"2023-06-02T20:13:23","slug":"eu-escala-pleito-con-mexico-por-maiz-transgenico","status":"publish","type":"post","link":"https:\/\/newsqr.com.mx\/?p=16315","title":{"rendered":"EU escala pleito con M\u00e9xico por ma\u00edz transg\u00e9nico"},"content":{"rendered":"<h4 class=\"BlocksPage-subHeadline\" style=\"text-align: center;\">Estados Unidos solicit\u00f3 en marzo consultas comerciales formales por sus objeciones a los planes de M\u00e9xico de limitar las importaciones de ma\u00edz transg\u00e9nico.<\/h4>\n<div class=\"AuthorBar\"><\/div>\n<div class=\"BlocksPage-bar\">\n<p>Estados Unidos escal\u00f3 su disputa con M\u00e9xico sobre sus medidas biotecnol\u00f3gicas agr\u00edcolas, incluida su postura sobre el ma\u00edz gen\u00e9ticamente modificado, solicitando consultas de soluci\u00f3n de controversias, dijeron el viernes funcionarios de alto nivel de la oficina del Representante Comercial.<\/p>\n<div id=\"dailymotion-instance-4780149a-b9dd-8238-bb5c-0663c074f4c8\" class=\"dailymotion-player-root dailymotion-player-x9k62\">\n<p>Los socios se acercan cada vez m\u00e1s a una disputa comercial en pleno en el marco del acuerdo comercial entre Canad\u00e1, Estados Unidos y M\u00e9xico (TMEC) sobre las pol\u00edticas de M\u00e9xico para limitar el uso de ma\u00edz transg\u00e9nico, que importa de su vecino del norte.<\/p>\n<p>Estados Unidos solicit\u00f3 consultas comerciales formales en marzo por sus objeciones a los planes de M\u00e9xico de limitar las importaciones de ma\u00edz transg\u00e9nico y otros productos de biotecnolog\u00eda agr\u00edcola.<\/p>\n<p>Dichas consultas se celebraron, pero no lograron resolver el asunto, dijeron los funcionarios de la Oficina del Representante Comercial (USTR, por su sigla en ingl\u00e9s).<\/p>\n<p>La intensificaci\u00f3n de la disputa sobre el ma\u00edz se produce en medio de otras disputas entre ambos pa\u00edses, sobre todo en materia de energ\u00eda en la que Estados Unidos ha argumentado que la pol\u00edtica nacionalista de M\u00e9xico perjudica a las empresas extranjeras.<\/p>\n<p>A pesar de los cambios al decreto de M\u00e9xico, que modific\u00f3 en febrero, Estados Unidos dijo que las pol\u00edticas del pa\u00eds latinoamericano no se basan en ciencia y parecen inconsistentes con su compromiso bajo el TMEC.<\/p>\n<p>\u00abHicieron algunas modificaciones, como eliminar el plazo espec\u00edfico para prohibir los productos biotecnol\u00f3gicos, pero el decreto exige una sustituci\u00f3n gradual y la prohibici\u00f3n final del ma\u00edz biotecnol\u00f3gico y esta parte de la medida en s\u00ed no tiene base cient\u00edfica\u00bb, dijo un funcionario del USTR.<\/p>\n<p>Estados Unidos podr\u00e1 solicitar el establecimiento de un panel especial de soluci\u00f3n de diferencias si las partes no han logrado resolver el tema en un plazo de 75 d\u00edas a partir de la solicitud de consulta, a\u00f1adieron los funcionarios.<\/p>\n<p>El presidente de M\u00e9xico, Andr\u00e9s Manuel L\u00f3pez Obrador, ha afirmado que las semillas modificadas gen\u00e9ticamente pueden contaminar las variedades aut\u00f3ctonas milenarias de M\u00e9xico y ha cuestionado su impacto en la salud humana.<\/p>\n<p>El secretario de Agricultura de M\u00e9xico expres\u00f3 su confianza en una entrevista publicada esta semana en que la disputa con EU no ir\u00eda m\u00e1s all\u00e1, ni escalar\u00eda a un panel de soluci\u00f3n de diferencias.<\/p>\n<\/div>\n<\/div>\n","protected":false},"excerpt":{"rendered":"<p>Estados Unidos solicit\u00f3 en marzo consultas comerciales formales por sus objeciones a los planes de&#8230;<\/p>\n","protected":false},"author":1,"featured_media":16317,"comment_status":"open","ping_status":"closed","sticky":false,"template":"","format":"standard","meta":{"footnotes":""},"categories":[2],"tags":[],"class_list":["post-16315","post","type-post","status-publish","format-standard","has-post-thumbnail","hentry","category-nacional"],"_links":{"self":[{"href":"https:\/\/newsqr.com.mx\/index.php?rest_route=\/wp\/v2\/posts\/16315","targetHints":{"allow":["GET"]}}],"collection":[{"href":"https:\/\/newsqr.com.mx\/index.php?rest_route=\/wp\/v2\/posts"}],"about":[{"href":"https:\/\/newsqr.com.mx\/index.php?rest_route=\/wp\/v2\/types\/post"}],"author":[{"embeddable":true,"href":"https:\/\/newsqr.com.mx\/index.php?rest_route=\/wp\/v2\/users\/1"}],"replies":[{"embeddable":true,"href":"https:\/\/newsqr.com.mx\/index.php?rest_route=%2Fwp%2Fv2%2Fcomments&post=16315"}],"version-history":[{"count":0,"href":"https:\/\/newsqr.com.mx\/index.php?rest_route=\/wp\/v2\/posts\/16315\/revisions"}],"wp:featuredmedia":[{"embeddable":true,"href":"https:\/\/newsqr.com.mx\/index.php?rest_route=\/wp\/v2\/media\/16317"}],"wp:attachment":[{"href":"https:\/\/newsqr.com.mx\/index.php?rest_route=%2Fwp%2Fv2%2Fmedia&parent=16315"}],"wp:term":[{"taxonomy":"category","embeddable":true,"href":"https:\/\/newsqr.com.mx\/index.php?rest_route=%2Fwp%2Fv2%2Fcategories&post=16315"},{"taxonomy":"post_tag","embeddable":true,"href":"https:\/\/newsqr.com.mx\/index.php?rest_route=%2Fwp%2Fv2%2Ftags&post=16315"}],"curies":[{"name":"wp","href":"https:\/\/api.w.org\/{rel}","templated":true}]}}