{"id":16445,"date":"2023-06-06T15:50:25","date_gmt":"2023-06-06T20:50:25","guid":{"rendered":"https:\/\/xn--mscarasypolticascozumel-t5b42a.com\/?p=16445"},"modified":"2023-06-06T15:50:25","modified_gmt":"2023-06-06T20:50:25","slug":"invita-pedro-haces-a-empresas-de-iberoamerica-a-invertir-en-mexico","status":"publish","type":"post","link":"https:\/\/newsqr.com.mx\/?p=16445","title":{"rendered":"Invita Pedro Haces a empresas de Iberoam\u00e9rica a invertir en M\u00e9xico"},"content":{"rendered":"<div class=\"row\">\n<div class=\"col-sm-xl-12 layout-section wrap-bottom\">\n<h4 class=\"primary-font__PrimaryFontStyles-o56yd5-0 heuGTu h4-primary sub-headline\" style=\"text-align: center;\">El secretario general de la CATEM asegur\u00f3 que el pa\u00eds vive \u2018un momento hist\u00f3rico\u2019 gracias al nearshoring.<\/h4>\n<div class=\"default__StyledDiv-cj38t1-0 gCPfDm share-bar\">\n<p class=\"default__StyledText-xb1qmn-0 cgXrXK body-paragraph\">El secretario general de la Confederaci\u00f3n Aut\u00f3noma de Trabajadores y Empleados de M\u00e9xico (CATEM),\u00a0<b>Pedro Haces Barba<\/b>, invit\u00f3 a empresarios iberoamericanos y europeos a invertir en M\u00e9xico y les expuso que con el\u00a0nearshoring el pa\u00eds\u00a0\u201cvive un momento hist\u00f3rico\u201d, en el que \u201cse reconoce\u201d al empresario que arriesga su capital para crear empleo.<\/p>\n<p class=\"default__StyledText-xb1qmn-0 cgXrXK body-paragraph\">Al participar en el 6\u00b0 Congreso Iberoamericano del Consejo Empresarial Alianza por Iberoam\u00e9rica (CEAPI) \u2013en el que participan m\u00e1s de 300 presidentes de compa\u00f1\u00edas de Iberoam\u00e9rica y Espa\u00f1a, as\u00ed como decenas de l\u00edderes institucionales de la regi\u00f3n\u2013, el dirigente sindical asegur\u00f3 que en M\u00e9xico \u201chay la confianza\u201d de que a la inversi\u00f3n \u201c<b>le va ir bien<\/b>\u201d.<\/p>\n<p class=\"default__StyledText-xb1qmn-0 cgXrXK body-paragraph\">El senador de Morena invit\u00f3 a las y los empresarios iberoamericanos \u201ca<b>\u00a0confiar en nuestro pa\u00eds<\/b>, a que inviertan\u201d y les asegur\u00f3 que en M\u00e9xico \u201cestamos preparados para recibirles y tenemos la mejor mano de obra del mundo\u201d, garantiz\u00f3.<\/p>\n<p class=\"default__StyledText-xb1qmn-0 cgXrXK body-paragraph\">Pedro Haces remarc\u00f3 en su participaci\u00f3n en el foro que \u201cen el nuevo sindicalismo en M\u00e9xico es prioridad cuidar a las empresas y reconocer a todo aquel empresario que arriesga su capital por crear fuentes de empleo, visi\u00f3n que contrasta con el sindicalismo antiguo que domin\u00f3 el pa\u00eds por muchos a\u00f1os, pero que hoy est\u00e1 mermado y se encuentra en fase terminal\u201d, asegur\u00f3.<\/p>\n<p class=\"default__StyledText-xb1qmn-0 cgXrXK body-paragraph\">Ofreci\u00f3, adem\u00e1s, que M\u00e9xico se ocupa en \u201cpreparar mano de obra calificada y especializada, tal como lo requieren las empresas que est\u00e1n llegando a nuestro pa\u00eds, como consecuencia de la tendencia estrat\u00e9gica del nearshoring\u201d.<\/p>\n<\/div>\n<\/div>\n<\/div>\n<div class=\"row\">\n<div class=\"col-sm-md-12 col-lg-xl-8 left-article-section ie-flex-100-percent-sm layout-section\"><\/div>\n<\/div>\n","protected":false},"excerpt":{"rendered":"<p>El secretario general de la CATEM asegur\u00f3 que el pa\u00eds vive \u2018un momento hist\u00f3rico\u2019 gracias&#8230;<\/p>\n","protected":false},"author":1,"featured_media":16447,"comment_status":"open","ping_status":"closed","sticky":false,"template":"","format":"standard","meta":{"footnotes":""},"categories":[2],"tags":[],"class_list":["post-16445","post","type-post","status-publish","format-standard","has-post-thumbnail","hentry","category-nacional"],"_links":{"self":[{"href":"https:\/\/newsqr.com.mx\/index.php?rest_route=\/wp\/v2\/posts\/16445","targetHints":{"allow":["GET"]}}],"collection":[{"href":"https:\/\/newsqr.com.mx\/index.php?rest_route=\/wp\/v2\/posts"}],"about":[{"href":"https:\/\/newsqr.com.mx\/index.php?rest_route=\/wp\/v2\/types\/post"}],"author":[{"embeddable":true,"href":"https:\/\/newsqr.com.mx\/index.php?rest_route=\/wp\/v2\/users\/1"}],"replies":[{"embeddable":true,"href":"https:\/\/newsqr.com.mx\/index.php?rest_route=%2Fwp%2Fv2%2Fcomments&post=16445"}],"version-history":[{"count":0,"href":"https:\/\/newsqr.com.mx\/index.php?rest_route=\/wp\/v2\/posts\/16445\/revisions"}],"wp:featuredmedia":[{"embeddable":true,"href":"https:\/\/newsqr.com.mx\/index.php?rest_route=\/wp\/v2\/media\/16447"}],"wp:attachment":[{"href":"https:\/\/newsqr.com.mx\/index.php?rest_route=%2Fwp%2Fv2%2Fmedia&parent=16445"}],"wp:term":[{"taxonomy":"category","embeddable":true,"href":"https:\/\/newsqr.com.mx\/index.php?rest_route=%2Fwp%2Fv2%2Fcategories&post=16445"},{"taxonomy":"post_tag","embeddable":true,"href":"https:\/\/newsqr.com.mx\/index.php?rest_route=%2Fwp%2Fv2%2Ftags&post=16445"}],"curies":[{"name":"wp","href":"https:\/\/api.w.org\/{rel}","templated":true}]}}