{"id":16632,"date":"2023-06-12T15:17:19","date_gmt":"2023-06-12T20:17:19","guid":{"rendered":"https:\/\/xn--mscarasypolticascozumel-t5b42a.com\/?p=16632"},"modified":"2023-06-12T15:17:19","modified_gmt":"2023-06-12T20:17:19","slug":"se-relentizan-las-exportaciones-de-mexico-senala-bid","status":"publish","type":"post","link":"https:\/\/newsqr.com.mx\/?p=16632","title":{"rendered":"Se relentizan las exportaciones de M\u00e9xico, se\u00f1ala BID"},"content":{"rendered":"<div class=\"sc__header mx-auto  lg:max-w-screen-lg \">\n<h4 class=\"subTitle text-2xl mb-5\" style=\"text-align: center;\">En 2022 las ventas externas se hab\u00edan incrementado 16.4% con un rol determinante de los precios<\/h4>\n<\/div>\n<div class=\"story-image mx-auto  lg:max-w-screen-lg\">\n<p class=\"sc__font-paragraph\">En Am\u00e9rica Latina y el Caribe, las\u00a0<b>exportaciones\u00a0<\/b>comenzaron a presentar una desaceleraci\u00f3n, pero en M\u00e9xico fue m\u00e1s notoria, se\u00f1al\u00f3 el\u00a0<b>Banco Interamericano de Desarrollo<\/b>\u00a0(BID).<\/p>\n<div id=\"ds_cpp\" class=\"ds_cpp\" data-dvp_desc_trim=\"475\" data-dvp_rr=\"\" data-dvp_closescope=\"pageview\" data-dvp_dockavoidtouch=\"footer\" data-dvp_ad_cadence=\"S7-I10\" data-dvp_closedelay=\"8\">\n<div class=\"ds_cpp_inner\">\n<div id=\"ds_description\">\n<p class=\"sc__font-paragraph\">En un nuevo reporte con la actualizaci\u00f3n de las estimaciones y tendencias del comercio en la regi\u00f3n, ponder\u00f3 que nuestro pa\u00eds hab\u00eda logrado mantener una tendencia fuertemente expansiva durante gran parte de 2022.<\/p>\n<p class=\"sc__font-paragraph\">Pero comenz\u00f3 a debilitarse en el \u00faltimo trimestre del a\u00f1o y as\u00ed continu\u00f3 entre enero y marzo del 2023.<\/p>\n<p class=\"sc__font-paragraph\">No obstante, en el informe se asegura que M\u00e9xico retuvo su rol de locomotora del comercio regional.<\/p>\n<h2 class=\"sc__header\">Ventas externas de bienes y productos mexicanos<\/h2>\n<div id=\"taboola-mid-article-thumbnails\" class=\" trc_related_container trc_spotlight_widget trc_elastic trc_elastic_thumbnails-md1 \" data-placement-name=\"Mid Article Thumbnails\">\n<div class=\"trc_rbox_container\">\n<div>\n<div id=\"trc_wrapper_57468\" class=\"trc_rbox thumbnails-md1 trc-content-sponsored \">\n<div id=\"trc_header_57468\" class=\"trc_rbox_header trc_rbox_border_elm\">\n<div class=\"trc_header_ext\">\n<p class=\"sc__font-paragraph\">Durante el periodo referido, las ventas externas de bienes y productos mexicanos, tuvieron un incremento de 6.8% interanual, se registra en el nuevo informe.<\/p>\n<p class=\"sc__font-paragraph\">Lo anterior, seg\u00fan el BID se explica casi en su totalidad por los mayores env\u00edos a Estados Unidos y, en menor medida, la Uni\u00f3n Europea, mientras que se contrajeron las exportaciones a casi todos los dem\u00e1s socios relevantes, precis\u00f3.<\/p>\n<p class=\"sc__font-paragraph\">En contraste, se\u00f1al\u00f3, en Centroam\u00e9rica y Sudam\u00e9rica, se profundiz\u00f3 la desaceleraci\u00f3n de sus exportaciones en los primeros meses del presente a\u00f1o.<\/p>\n<p class=\"sc__font-paragraph\">Incluso, apunt\u00f3 que en el caso de Sudam\u00e9rica, sus ventas hacia el exterior, mostraron tasas de variaci\u00f3n negativas.<\/p>\n<p class=\"sc__font-paragraph\">El organismo hizo ver que tras la r\u00e1pida recuperaci\u00f3n de la era post Covid-19, concluy\u00f3 la fase expansiva de las exportaciones en la regi\u00f3n.<\/p>\n<p class=\"sc__font-paragraph\">Se estima que en el primer trimestre del a\u00f1o el valor de las exportaciones de bienes en Am\u00e9rica Latina y el Caribe, aument\u00f3 2.9% interanual.<\/p>\n<h2 class=\"sc__header\">Comercio mundial<\/h2>\n<p class=\"sc__font-paragraph\">Los expertos del BID, establecieron que si bien el desempe\u00f1o fue mejor en comparaci\u00f3n al comercio mundial que cay\u00f3 2.8%, la evoluci\u00f3n responde tanto al deterioro de los precios de exportaci\u00f3n como a la desaceleraci\u00f3n del crecimiento de los vol\u00famenes exportados por la regi\u00f3n.<\/p>\n<p class=\"sc__font-paragraph\">En 2022 las ventas externas se hab\u00edan incrementado 16.4% con un rol determinante de los precios, refiri\u00f3.<\/p>\n<p class=\"sc__font-paragraph\">Mientras que las importaciones totales de la regi\u00f3n aumentaron 0.6% en los tres primeros meses del 2023, luego de una expansi\u00f3n de 21.1% en el 2022, seg\u00fan los datos del BID.<\/p>\n<p class=\"sc__font-paragraph\">Hacia delante, se prev\u00e9 un balance de riesgos moderadamente sesgado a la baja, anticip\u00f3.<\/p>\n<p class=\"sc__font-paragraph\">Esto, por el impacto de las pol\u00edticas monetarias restrictivas sobre el crecimiento global, la incertidumbre en torno a la resoluci\u00f3n de la guerra en Ucrania, el agotamiento del efecto expansivo de la reapertura de la econom\u00eda china, y la reversi\u00f3n de la fase alcista de los precios de los productos b\u00e1sicos, expuso.<\/p>\n<\/div>\n<\/div>\n<\/div>\n<\/div>\n<\/div>\n<\/div>\n<\/div>\n<\/div>\n<\/div>\n<\/div>\n","protected":false},"excerpt":{"rendered":"<p>En 2022 las ventas externas se hab\u00edan incrementado 16.4% con un rol determinante de los&#8230;<\/p>\n","protected":false},"author":1,"featured_media":16634,"comment_status":"open","ping_status":"closed","sticky":false,"template":"","format":"standard","meta":{"footnotes":""},"categories":[2],"tags":[],"class_list":["post-16632","post","type-post","status-publish","format-standard","has-post-thumbnail","hentry","category-nacional"],"_links":{"self":[{"href":"https:\/\/newsqr.com.mx\/index.php?rest_route=\/wp\/v2\/posts\/16632","targetHints":{"allow":["GET"]}}],"collection":[{"href":"https:\/\/newsqr.com.mx\/index.php?rest_route=\/wp\/v2\/posts"}],"about":[{"href":"https:\/\/newsqr.com.mx\/index.php?rest_route=\/wp\/v2\/types\/post"}],"author":[{"embeddable":true,"href":"https:\/\/newsqr.com.mx\/index.php?rest_route=\/wp\/v2\/users\/1"}],"replies":[{"embeddable":true,"href":"https:\/\/newsqr.com.mx\/index.php?rest_route=%2Fwp%2Fv2%2Fcomments&post=16632"}],"version-history":[{"count":0,"href":"https:\/\/newsqr.com.mx\/index.php?rest_route=\/wp\/v2\/posts\/16632\/revisions"}],"wp:featuredmedia":[{"embeddable":true,"href":"https:\/\/newsqr.com.mx\/index.php?rest_route=\/wp\/v2\/media\/16634"}],"wp:attachment":[{"href":"https:\/\/newsqr.com.mx\/index.php?rest_route=%2Fwp%2Fv2%2Fmedia&parent=16632"}],"wp:term":[{"taxonomy":"category","embeddable":true,"href":"https:\/\/newsqr.com.mx\/index.php?rest_route=%2Fwp%2Fv2%2Fcategories&post=16632"},{"taxonomy":"post_tag","embeddable":true,"href":"https:\/\/newsqr.com.mx\/index.php?rest_route=%2Fwp%2Fv2%2Ftags&post=16632"}],"curies":[{"name":"wp","href":"https:\/\/api.w.org\/{rel}","templated":true}]}}