{"id":16719,"date":"2023-06-15T16:00:21","date_gmt":"2023-06-15T21:00:21","guid":{"rendered":"https:\/\/xn--mscarasypolticascozumel-t5b42a.com\/?p=16719"},"modified":"2023-06-15T16:00:21","modified_gmt":"2023-06-15T21:00:21","slug":"claudia-sheinbaum-una-de-las-principales-corcholatas-que-busca-la-presidencia-de-mexico","status":"publish","type":"post","link":"https:\/\/newsqr.com.mx\/?p=16719","title":{"rendered":"Claudia Sheinbaum, una de las principales corcholatas que busca la presidencia de M\u00e9xico"},"content":{"rendered":"<p class=\"CreativeWorkPage-subHeadline\">Claudia Sheinbaum es considerada como una de las corcholatas m\u00e1s importantes, adem\u00e1s de ser allegada a L\u00f3pez Obrador, esta es la historia de la mujer que quiere ser presidenta.<\/p>\n<div class=\"VideoPage-videoBody\">\n<div class=\"RichTextArticleBody-body\">\n<p><i>\u201cEstoy lista y fuerte para lo que viene\u201d,<\/i>\u00a0asegur\u00f3 la Jefe de Gobierno,\u00a0<span class=\"Enhancement\"><span class=\"Enhancement-item\">Claudia Sheinbaum<\/span><\/span>\u00a0quien ha externado su deseo de participar en la elecci\u00f3n del candidato de\u00a0<b>Morena<\/b>\u00a0a la\u00a0<b>presidencia<\/b>\u00a0de\u00a0<b>M\u00e9xico<\/b>.<\/p>\n<p>Reci\u00e9n se dio a conocer que una de las\u00a0<span class=\"Enhancement\"><span class=\"Enhancement-item\">reglas del \u201cjuego\u201d<\/span><\/span>\u00a0de Morena para elegir al candidato de la coalici\u00f3n, junto al PT y el partido verde, era la separaci\u00f3n del cargo. Por esta raz\u00f3n es que\u00a0<b>Claudia Sheinbaum<\/b>\u00a0pidi\u00f3 licencia como jefa de Gobierno de la Ciudad de M\u00e9xico (CDMX).<\/p>\n<div class=\"Enhancement\">\n<div class=\"Enhancement-item\">\n<h2>\u00bfQu\u00e9 estudi\u00f3 Claudia Sheinbaum?<\/h2>\n<\/div>\n<\/div>\n<p>Antes que\u00a0<span class=\"Enhancement\"><span class=\"Enhancement-item\">dedicarse a la pol\u00edtica<\/span><\/span>, la exjefa de Gobierno de la capital, fue acad\u00e9mica y cient\u00edfica. Tiene una licenciatura en F\u00edsica por la UNAM; una maestr\u00eda en ingenier\u00eda de la Energ\u00eda y un doctorado en ingenier\u00eda Ambiental. Realiz\u00f3 una estancia acad\u00e9mica de 4 a\u00f1os para su investigaci\u00f3n doctoral en el Lawrence Berkeley National Laboratory, asociado a la Universidad de California en Berkeley.<\/p>\n<div class=\"Enhancement\">\n<div class=\"Enhancement-item\">\n<h2>\u00bfC\u00f3mo se ve\u00eda Claudia Sheinbaum de joven?<\/h2>\n<\/div>\n<\/div>\n<p><b>Claudia Sheinbaum<\/b>\u00a0Pardo naci\u00f3 el 24 de junio de 1962 en la Ciudad de M\u00e9xico, por lo que en breve cumplir\u00e1 62 a\u00f1os de edad. Sus padres son Carlos Sheinbaum Yoseline y la tambi\u00e9n academica y cientifica,\u00a0<span class=\"Enhancement\"><span class=\"Enhancement-item\">Annie Pardo Semo<\/span><\/span>. Estuvo casada con Carlos Imaz Guisper del 1987 al 2016. Tiene dos hijos, Mariana, con su primer esposo, y Rodrigo Im\u00e1z Alarc\u00f3n.<\/p>\n<h2>\u00bfQui\u00e9n es el novio de Claudia Sheinbaum?<\/h2>\n<p>La pol\u00edtica lleva saliendo casi ya siete a\u00f1os con su actual pareja, Jes\u00fas Mar\u00eda Tarriba, analista de riesgos econ\u00f3micos en el Banco de M\u00e9xico, con quien incluso anunci\u00f3 un compromiso. La pareja se conoce desde la universidad, donde mantuvieron una relaci\u00f3n de un a\u00f1o y tres meses; sin embargo, tras separarse de sus respectivos matrimonios, ambos se volvieron a encontrar y decidieron dar otra oportunidad a su cari\u00f1o.<\/p>\n<p>Estuvo casada con Carlos Imaz, uno de los fundadores del <span class=\"Enhancement\"><span class=\"Enhancement-item\">Partido de la Revoluci\u00f3n Democr\u00e1tica<\/span><\/span>\u00a0(PRD) y exjefe Delegacional de Tlalpan, su relaci\u00f3n dur\u00f3 30 a\u00f1os, hasta que decidieron divorsiarse. Es por esto que\u00a0<b>Claudia Sheinbaum<\/b>\u00a0fue militante del sol azteca hasta el a\u00f1o 2014.<\/p>\n<div class=\"Enhancement\">\n<div class=\"Enhancement-item\">\n<figure class=\"Figure\" data-module=\"\">\n<div class=\"Figure-container\">\n<div class=\"Enhancement\">\n<div class=\"Enhancement-item\">\n<h2>\u00bfQu\u00e9 significa el apellido de Claudia Sheinbaum?<\/h2>\n<\/div>\n<\/div>\n<p><b>\u201cSheinbaum\u201d<\/b>\u00a0tiene\u00a0<span class=\"Enhancement\"><span class=\"Enhancement-item\">origen jud\u00edo<\/span><\/span>\u00a0por sus abuelos, quienes llegaron durante la migraci\u00f3n jud\u00eda a M\u00e9xico en el transcurso de la Segunda Guerra Mundial, por ese motivo mantiene el apellido del cual ha asegurado, en diversas ocasiones, sentirse orgullosa.<\/p>\n<div class=\"Enhancement\">\n<div class=\"Enhancement-item\">\n<h2>\u00bfClaudia Sheinbaum gan\u00f3 un Premio Nobel?<\/h2>\n<\/div>\n<\/div>\n<p>La morenista form\u00f3 parte del panel intergubernamental de Cambio Clim\u00e1tico en el 2007 trabajo conjunto que obtuvo el premio Nobel de la Paz. Ha trabajado en consejos editoriales de diferentes revistas cient\u00edficas y ha sido acreedor a diferentes premios sobre innovaci\u00f3n y desarrollo.<\/p>\n<div class=\"Enhancement\">\n<div class=\"Enhancement-item\">\n<h2>Carrera pol\u00edtica de Claudia Sheinbaum<\/h2>\n<\/div>\n<\/div>\n<p>Desde joven, la morenista demostr\u00f3 tener importancia por temas sociales y pol\u00edticos, ella cuenta que, cuando\u00a0<b>AMLO<\/b>\u00a0obtuvo el mando del gobierno de la capital, se encontraba en la b\u00fasqueda de una cient\u00edfica que se hiciera cargo de la secretar\u00eda del Medio Ambiente, llegando a\u00a0<b>Claudia Sheinbaum<\/b>\u00a0y as\u00ed comenzando su carrera pol\u00edtica.<\/p>\n<p>Fue una de las fundadoras del partido pol\u00edtico Movimiento de Regeneraci\u00f3n Social,\u00a0<b>Morena,<\/b>\u00a0en 2014. Adem\u00e1s, fue jefa delegacional de Tlalpan del a\u00f1o 2015 al 2017. Desde el 5 de diciembre del 2018 es la actual jefa de gobierno de la Ciudad de M\u00e9xico.<\/p>\n<p><b>Claudia sheinbaum<\/b>\u00a0Pardo se ha destacado como una de las\u00a0<span class=\"Enhancement\"><span class=\"Enhancement-item\">principales contendientes<\/span><\/span>\u00a0para ocupar la candidatura de\u00a0<b>Morena<\/b>\u00a0para las\u00a0<b>elecciones<\/b>\u00a0presidenciales de 2024.<\/p>\n<\/div>\n<\/figure>\n<\/div>\n<\/div>\n<\/div>\n<\/div>\n","protected":false},"excerpt":{"rendered":"<p>Claudia Sheinbaum es considerada como una de las corcholatas m\u00e1s importantes, adem\u00e1s de ser allegada&#8230;<\/p>\n","protected":false},"author":1,"featured_media":16721,"comment_status":"open","ping_status":"closed","sticky":false,"template":"","format":"standard","meta":{"footnotes":""},"categories":[2],"tags":[],"class_list":["post-16719","post","type-post","status-publish","format-standard","has-post-thumbnail","hentry","category-nacional"],"_links":{"self":[{"href":"https:\/\/newsqr.com.mx\/index.php?rest_route=\/wp\/v2\/posts\/16719","targetHints":{"allow":["GET"]}}],"collection":[{"href":"https:\/\/newsqr.com.mx\/index.php?rest_route=\/wp\/v2\/posts"}],"about":[{"href":"https:\/\/newsqr.com.mx\/index.php?rest_route=\/wp\/v2\/types\/post"}],"author":[{"embeddable":true,"href":"https:\/\/newsqr.com.mx\/index.php?rest_route=\/wp\/v2\/users\/1"}],"replies":[{"embeddable":true,"href":"https:\/\/newsqr.com.mx\/index.php?rest_route=%2Fwp%2Fv2%2Fcomments&post=16719"}],"version-history":[{"count":0,"href":"https:\/\/newsqr.com.mx\/index.php?rest_route=\/wp\/v2\/posts\/16719\/revisions"}],"wp:featuredmedia":[{"embeddable":true,"href":"https:\/\/newsqr.com.mx\/index.php?rest_route=\/wp\/v2\/media\/16721"}],"wp:attachment":[{"href":"https:\/\/newsqr.com.mx\/index.php?rest_route=%2Fwp%2Fv2%2Fmedia&parent=16719"}],"wp:term":[{"taxonomy":"category","embeddable":true,"href":"https:\/\/newsqr.com.mx\/index.php?rest_route=%2Fwp%2Fv2%2Fcategories&post=16719"},{"taxonomy":"post_tag","embeddable":true,"href":"https:\/\/newsqr.com.mx\/index.php?rest_route=%2Fwp%2Fv2%2Ftags&post=16719"}],"curies":[{"name":"wp","href":"https:\/\/api.w.org\/{rel}","templated":true}]}}