{"id":16972,"date":"2023-06-22T17:32:28","date_gmt":"2023-06-22T22:32:28","guid":{"rendered":"https:\/\/xn--mscarasypolticascozumel-t5b42a.com\/?p=16972"},"modified":"2023-06-22T17:32:28","modified_gmt":"2023-06-22T22:32:28","slug":"calor-enciende-alerta-sobre-baja-reserva-electrica-en-mexico","status":"publish","type":"post","link":"https:\/\/newsqr.com.mx\/?p=16972","title":{"rendered":"Calor enciende alerta sobre baja reserva el\u00e9ctrica en M\u00e9xico"},"content":{"rendered":"<div class=\"jsx-3315747106 \">\n<p>En las horas previas al solsticio de verano el Cenace advirti\u00f3 que el margen de reserva de generaci\u00f3n del sistema se redujo a 6%, cuando el nivel \u00f3ptimo es de 20%; ayer la demanda en la hora pico fue 14.6% mayor la de un a\u00f1o antes, con lo que creci\u00f3 m\u00e1s de tres veces lo que crec\u00eda el a\u00f1o pasado.<\/p>\n<\/div>\n<div class=\"jsx-1921398030 newsbody\">\n<div class=\"jsx-1921398030\">\n<div class=\"jsx-1020194127\">\n<p class=\"jsx-3954459878\">El solsticio de verano boreal -que suele ser uno de los d\u00edas m\u00e1s calurosos del a\u00f1o- ocurri\u00f3 este mi\u00e9rcoles y en las horas previas trajo la mayor demanda hist\u00f3rica de electricidad en el pa\u00eds: de 53,0000 megawatts requeridos por los consumidores y por tanto despachados al mismo tiempo. La ola de calor y uso de aparatos el\u00e9ctricos de aire acondicionado y refrigeraci\u00f3n provoc\u00f3 as\u00ed un estado de emergencia en la red de transmisi\u00f3n del Centro Nacional de Control de Energ\u00eda (Cenace), cuyo margen de reserva se redujo hasta el m\u00ednimo operativo de 6%, cuando el \u00f3ptimo de actuaci\u00f3n debe mantenerse en 20.3% en la red.<\/p>\n<p class=\"jsx-3954459878\">Seg\u00fan el Programa Nacional de Desarrollo del Sistema El\u00e9ctrico Nacional (Prodesen) de la Secretar\u00eda de Energ\u00eda, para este 2023 en la pol\u00edtica de planeaci\u00f3n para sostener al sistema se cuenta con un margen de 20.3%, ya que, como define el documento indicativo del gobierno \u201cel margen de reserva debe ser suficiente para cubrir fallas y eventos cr\u00edticos como falta temporal en el suministro de combustibles y fen\u00f3menos naturales, adem\u00e1s de un margen de reserva operativo del 6 por ciento.<\/p>\n<p class=\"jsx-3954459878\">As\u00ed, el Cenace public\u00f3 la noche del martes la alerta de estado de emergencia con el sistema despachando los 53,000 megawatts con los que se cont\u00f3 \u00fanicamente con 6% de margen ante cualquier emergencia, mientras que, para fines de confiabilidad, el m\u00e1ximo al que se deber\u00eda llegar de acuerdo con el margen \u00f3ptimo del Prodesen (20.6%) ser\u00eda de 44,800 megawatts despachados al mismo tiempo en el pa\u00eds.<\/p>\n<p class=\"jsx-3954459878 fi-aic_250\">Pero tanto el incremento en la temperatura como una mayor demanda por reactivaciones econ\u00f3micas en varios sectores han aumentado el consumo de energ\u00eda. Por ejemplo, el Cenace previ\u00f3 para el d\u00eda de ayer una demanda pico de electricidad de casi 55,000 megawatts en el Sistema El\u00e9ctrico Nacional en la hora pico (17:00 horas), cifra 14.6% superior a la del pico del mismo d\u00eda del 2022; el a\u00f1o pasado la demanda el\u00e9ctrica para el mismo momento hab\u00eda crecido apenas 4.1% respecto del 2021.<\/p>\n<p class=\"jsx-3954459878\">Y es que en los \u00faltimos dos a\u00f1os, se ha pasado de un consumo neto de energ\u00eda de 311,604 gigawatts hora a 333,662 gigawatts hora en 2022, lo que implica un aumento de 7% entre 2020 y 2022, seg\u00fan datos de consumos reales de la Secretar\u00eda de Energ\u00eda.<\/p>\n<p class=\"jsx-3954459878 fi-aic_250\">Aunque el Cenace evidenci\u00f3 la situaci\u00f3n, el gobierno federal minimiz\u00f3 sus consecuencias y al ser cuestionado al respecto, el presidente Andr\u00e9s Manuel L\u00f3pez Obrador descart\u00f3 que una alerta del operador del sistema el\u00e9ctrico nacional, el Cenace, implicara alg\u00fan problema ya que el suministro de electricidad est\u00e1 garantizado.<\/p>\n<p class=\"jsx-3954459878\">\u00abEs de rutina, pero no tenemos dificultad en nada\u00bb, respondi\u00f3 ante el cuestionamiento sobre la alerta en su conferencia matutina.<\/p>\n<p class=\"jsx-3954459878\">Por su parte, la Secretar\u00eda de Energ\u00eda a\u00f1adi\u00f3 a trav\u00e9s de sus redes sociales que la situaci\u00f3n no implicaba riesgos. \u201cAdem\u00e1s de que es nuestra responsabilidad que no falte la energ\u00eda el\u00e9ctrica, hay un margen siempre de reserva y se reduce porque hay m\u00e1s consumo, pero no tenemos dificultad en nada\u201d, seg\u00fan el organismo.<\/p>\n<p class=\"jsx-3954459878 fi-aic_250\">Por lo pronto, la coordinadora general del Servicio Meteorol\u00f3gico Nacional (SMN), Alejandra M\u00e9ndez Gir\u00f3n, advirti\u00f3 que la onda inusual de calor en el pa\u00eds persistir\u00e1 al menos dos d\u00edas m\u00e1s.<\/p>\n<h2 class=\"jsx-1282840227 fi-aic_250\">Concamin, sin apagones<\/h2>\n<p class=\"jsx-3954459878\">En tanto, la planta productiva nacional no reporta apagones hasta el momento, pero existe el riesgo de enfrentar interrupciones de electricidad si contin\u00faan las altas temperaturas, advirti\u00f3 Jos\u00e9 Abugaber, presidente de la Confederaci\u00f3n de C\u00e1maras Industriales (Concamin).<\/p>\n<p class=\"jsx-3954459878\">Apunt\u00f3 que las altas temperaturas presentadas en las \u00faltimas semanas en el pa\u00eds, ponen en evidencia los bajos m\u00e1rgenes de reserva con los cuales opera el sistema el\u00e9ctrico nacional.<\/p>\n<p class=\"jsx-3954459878 fi-aic_250\">La Concamin refiri\u00f3 que en los \u00faltimos 12 a\u00f1os s\u00f3lo se hab\u00edan decretado estados de alerta a nivel nacional en dos ocasiones: en 2012, cuando se ubic\u00f3 en 4.7%, y en 2018, cuando fue lleg\u00f3 a 4.2 por ciento.<\/p>\n<p class=\"jsx-3954459878 fi-aic_250\">En conferencia de prensa para anunciar la Reuni\u00f3n Anual de Industriales (RAI) 2023 a realizarse en Guanajuato, Jos\u00e9 Abugaber sostuvo: \u201cNo hay datos de alto riesgo en la industria, no quiero alarmar un tema que todav\u00eda no est\u00e1 claro. S\u00ed podemos, si esto contin\u00faa, el tener riesgos, eso es definitivo y no es nada m\u00e1s para la industria, sino por el consumo humano\u201d.<\/p>\n<p class=\"jsx-3954459878\">Sobre este tema, Jos\u00e9 Medina Mora, presidente de la Confederaci\u00f3n Patronal de la Rep\u00fablica Mexicana (Coparmex), explic\u00f3 que la falta de energ\u00eda se debe a que la Comisi\u00f3n Federal de Electricidad (CFE), en transmisi\u00f3n y distribuci\u00f3n no ha incrementado su capacidad de transformaci\u00f3n ni ha integrado nuevas centrales el\u00e9ctricas de generaci\u00f3n.<\/p>\n<\/div>\n<\/div>\n<\/div>\n","protected":false},"excerpt":{"rendered":"<p>En las horas previas al solsticio de verano el Cenace advirti\u00f3 que el margen de&#8230;<\/p>\n","protected":false},"author":1,"featured_media":16974,"comment_status":"open","ping_status":"closed","sticky":false,"template":"","format":"standard","meta":{"footnotes":""},"categories":[2],"tags":[],"class_list":["post-16972","post","type-post","status-publish","format-standard","has-post-thumbnail","hentry","category-nacional"],"_links":{"self":[{"href":"https:\/\/newsqr.com.mx\/index.php?rest_route=\/wp\/v2\/posts\/16972","targetHints":{"allow":["GET"]}}],"collection":[{"href":"https:\/\/newsqr.com.mx\/index.php?rest_route=\/wp\/v2\/posts"}],"about":[{"href":"https:\/\/newsqr.com.mx\/index.php?rest_route=\/wp\/v2\/types\/post"}],"author":[{"embeddable":true,"href":"https:\/\/newsqr.com.mx\/index.php?rest_route=\/wp\/v2\/users\/1"}],"replies":[{"embeddable":true,"href":"https:\/\/newsqr.com.mx\/index.php?rest_route=%2Fwp%2Fv2%2Fcomments&post=16972"}],"version-history":[{"count":0,"href":"https:\/\/newsqr.com.mx\/index.php?rest_route=\/wp\/v2\/posts\/16972\/revisions"}],"wp:featuredmedia":[{"embeddable":true,"href":"https:\/\/newsqr.com.mx\/index.php?rest_route=\/wp\/v2\/media\/16974"}],"wp:attachment":[{"href":"https:\/\/newsqr.com.mx\/index.php?rest_route=%2Fwp%2Fv2%2Fmedia&parent=16972"}],"wp:term":[{"taxonomy":"category","embeddable":true,"href":"https:\/\/newsqr.com.mx\/index.php?rest_route=%2Fwp%2Fv2%2Fcategories&post=16972"},{"taxonomy":"post_tag","embeddable":true,"href":"https:\/\/newsqr.com.mx\/index.php?rest_route=%2Fwp%2Fv2%2Ftags&post=16972"}],"curies":[{"name":"wp","href":"https:\/\/api.w.org\/{rel}","templated":true}]}}