{"id":17011,"date":"2023-06-23T15:00:13","date_gmt":"2023-06-23T20:00:13","guid":{"rendered":"https:\/\/xn--mscarasypolticascozumel-t5b42a.com\/?p=17011"},"modified":"2023-06-23T15:00:13","modified_gmt":"2023-06-23T20:00:13","slug":"declaracion-de-la-comunidad-diplomatica-acreditada-en-mexico-en-apoyo-a-la-xlv-marcha-del-orgullo-lgbttti","status":"publish","type":"post","link":"https:\/\/newsqr.com.mx\/?p=17011","title":{"rendered":"DECLARACI\u00d3N DE LA COMUNIDAD DIPLOM\u00c1TICA ACREDITADA EN M\u00c9XICO EN APOYO A LA XLV MARCHA DEL ORGULLO LGBTTTI+"},"content":{"rendered":"<p>Con motivo de la Marcha no. 45 del Orgullo LGBTTTI de la Ciudad de M\u00e9xico, quienes suscribimos el presente, reafirmamos el compromiso de nuestras representaciones diplom\u00e1ticas con la promoci\u00f3n y protecci\u00f3n de los derechos de las personas LGBTTTI, tanto en M\u00e9xico como en el resto del mundo.<\/p>\n<p>Este s\u00e1bado 24 de junio, diplom\u00e1ticos adscritos en la Ciudad de M\u00e9xico, nuestras familias y colegas, marcharemos para mostrar nuestra solidaridad con la comunidad LGBTTTI.<\/p>\n<p>Si bien el Mes del Orgullo nos inspira a pensar en los retos que enfrenta la comunidad LGBTTTI, tenemos el mandato y el compromiso de promover y proteger los derechos humanos de las personas LGBTTTI durante todo el a\u00f1o. Nos permite reflexionar y visibilizar la diversidad de orientaciones sexuales, identidades y expresiones de g\u00e9nero, respetando el derecho a ejercer su autonom\u00eda y desarrollar su personalidad, siempre bajo un trato digno y libre de cualquier forma de discriminaci\u00f3n.<\/p>\n<p>En un momento en que los derechos humanos de las personas LGBTTTI est\u00e1n cada vez m\u00e1s amenazados en todas las regiones, misiones diplom\u00e1ticas, organizaciones de la sociedad civil, corporaciones y organizaciones internacionales con ideas afines debemos defender la dignidad y la igualdad para todos.<\/p>\n<p>Estamos comprometidos con promover la prevenci\u00f3n y respuesta a la violencia y discriminaci\u00f3n contra personas LGBTTTI; reducir el estigma y promover la tolerancia y la inclusi\u00f3n social; promover la equidad e igualdad de g\u00e9nero; apoyar a las comunidades desatendidas a trav\u00e9s de nuestra pol\u00edtica exterior y asistencia; promover la diversidad, la equidad, la inclusi\u00f3n y la accesibilidad en la fuerza laboral; y promover el respeto de los derechos humanos y las libertades fundamentales.<\/p>\n<p>Es esencial para nuestros gobiernos promover la libertad, la justicia y la dignidad de todes, \u00a1para que jam\u00e1s les borren!<\/p>\n<p>Lista de embajadas y representaciones en orden alfab\u00e9tico:<\/p>\n<ul>\n<li>Embajador de Alemania en M\u00e9xico, Wolfgang Dold<\/li>\n<li>Encargada de Negocios de Australia en M\u00e9xico a.i. Patricia Holmes<\/li>\n<li>Banco Mundial \u2013 Director del Banco Mundial para M\u00e9xico, Colombia y Venezuela, Mark R. Thomas<\/li>\n<li>Embajador de Brasil en M\u00e9xico, Fernando Coimbra<\/li>\n<li>Director General del British Council en M\u00e9xico, Brian Young<\/li>\n<li>Embajador de Canad\u00e1 en M\u00e9xico, Graeme C. Clark<\/li>\n<li>Embajador de Dinamarca en M\u00e9xico, Kim H\u00f8jlund Christensen<\/li>\n<li>Embajador de Espa\u00f1a en M\u00e9xico, Juan Duarte Cuadrado<\/li>\n<li>Embajador de Estados Unidos en M\u00e9xico, Ken Salazar<\/li>\n<li>Embajador de Francia en M\u00e9xico, Jean-Pierre Asvazadourian<\/li>\n<li>Embajadora de Finlandia en M\u00e9xico, P\u00e4ivi Pohjanheimo<\/li>\n<li>Country Manager de IFC para M\u00e9xico, Juan Gonzalo Flores<\/li>\n<li>Embajadora de Irlanda en M\u00e9xico, Maeve von Heynitz<\/li>\n<li>Embajadora de Nueva Zelanda en M\u00e9xico, Sara Meymand<\/li>\n<li>Embajadora de Noruega en M\u00e9xico, Ragnhild Imerslund<\/li>\n<li>Director de la Oficina de la Organizaci\u00f3n Internacional del Trabajo (OIT) para M\u00e9xico y Cuba, Pedro Am\u00e9rico Furtado de Oliveira<\/li>\n<li>Embajador de los Pa\u00edses Bajos en M\u00e9xico en M\u00e9xico, Wilfred Mohr<\/li>\n<li>Delegada General de Quebec en M\u00e9xico, St\u00e9phanie Allard-Gomez<\/li>\n<li>Embajador de Reino Unido en M\u00e9xico, Jon Benjamin<\/li>\n<li>Embajador de la Uni\u00f3n Europea en M\u00e9xico, Gautier Mignot<\/li>\n<\/ul>\n<p>D\u00e9 clic aqu\u00ed para ver el video de las y los embajadores: https:\/\/drive.google.com\/file\/d\/14JX2zziKM5sswdUzID_GYukEJqKZBy3A\/view?usp=sharing<\/p>\n","protected":false},"excerpt":{"rendered":"<p>Con motivo de la Marcha no. 45 del Orgullo LGBTTTI de la Ciudad de M\u00e9xico,&#8230;<\/p>\n","protected":false},"author":1,"featured_media":17013,"comment_status":"open","ping_status":"closed","sticky":false,"template":"","format":"standard","meta":{"footnotes":""},"categories":[2],"tags":[],"class_list":["post-17011","post","type-post","status-publish","format-standard","has-post-thumbnail","hentry","category-nacional"],"_links":{"self":[{"href":"https:\/\/newsqr.com.mx\/index.php?rest_route=\/wp\/v2\/posts\/17011","targetHints":{"allow":["GET"]}}],"collection":[{"href":"https:\/\/newsqr.com.mx\/index.php?rest_route=\/wp\/v2\/posts"}],"about":[{"href":"https:\/\/newsqr.com.mx\/index.php?rest_route=\/wp\/v2\/types\/post"}],"author":[{"embeddable":true,"href":"https:\/\/newsqr.com.mx\/index.php?rest_route=\/wp\/v2\/users\/1"}],"replies":[{"embeddable":true,"href":"https:\/\/newsqr.com.mx\/index.php?rest_route=%2Fwp%2Fv2%2Fcomments&post=17011"}],"version-history":[{"count":0,"href":"https:\/\/newsqr.com.mx\/index.php?rest_route=\/wp\/v2\/posts\/17011\/revisions"}],"wp:featuredmedia":[{"embeddable":true,"href":"https:\/\/newsqr.com.mx\/index.php?rest_route=\/wp\/v2\/media\/17013"}],"wp:attachment":[{"href":"https:\/\/newsqr.com.mx\/index.php?rest_route=%2Fwp%2Fv2%2Fmedia&parent=17011"}],"wp:term":[{"taxonomy":"category","embeddable":true,"href":"https:\/\/newsqr.com.mx\/index.php?rest_route=%2Fwp%2Fv2%2Fcategories&post=17011"},{"taxonomy":"post_tag","embeddable":true,"href":"https:\/\/newsqr.com.mx\/index.php?rest_route=%2Fwp%2Fv2%2Ftags&post=17011"}],"curies":[{"name":"wp","href":"https:\/\/api.w.org\/{rel}","templated":true}]}}