{"id":17041,"date":"2023-06-24T15:00:21","date_gmt":"2023-06-24T20:00:21","guid":{"rendered":"https:\/\/xn--mscarasypolticascozumel-t5b42a.com\/?p=17041"},"modified":"2023-06-24T15:00:21","modified_gmt":"2023-06-24T20:00:21","slug":"la-nueva-canciller-de-mexico-no-debe-permitir-vulneraciones-a-la-soberania-nacional","status":"publish","type":"post","link":"https:\/\/newsqr.com.mx\/?p=17041","title":{"rendered":"La nueva canciller de M\u00e9xico &quot;no debe permitir vulneraciones a la soberan\u00eda nacional&quot;"},"content":{"rendered":"<div class=\"article__header\">\n<div class=\"article__announce-text\">Ante la salida de Marcelo Ebrard \u2014quien buscar\u00e1 la Presidencia del pa\u00eds\u2014, la Canciller\u00eda mexicana tendr\u00e1 a una nueva jefa: la exembajadora en Chile, Alicia B\u00e1rcena, cuyas acciones diplom\u00e1ticas est\u00e1n enfocadas a la defensa de la soberan\u00eda nacional y la no intervenci\u00f3n de otros pa\u00edses en los asuntos de M\u00e9xico.<\/div>\n<\/div>\n<div class=\"article__body\">\n<div class=\"article__block\" data-type=\"text\">\n<div class=\"article__text\">La tambi\u00e9n exsecretaria ejecutiva de la Comisi\u00f3n Econ\u00f3mica para Am\u00e9rica Latina y el Caribe (Cepal) obtuvo la titularidad de la Secretar\u00eda de Relaciones Exteriores (SRE) por designaci\u00f3n presidencial. Ella es\u00a0<strong>una de las funcionarias m\u00e1s prominentes<\/strong>\u00a0de la pol\u00edtica exterior de esta naci\u00f3n latinoamericana.<\/div>\n<\/div>\n<div class=\"article__block\" data-type=\"text\">\n<div class=\"article__text\">Aunque solo estar\u00e1 en el cargo poco m\u00e1s de un a\u00f1o debido a que el Gobierno de L\u00f3pez Obrador est\u00e1 en su recta final,\u00a0<strong>de su desempe\u00f1o puede esperarse, sobre todo, continuidad<\/strong>, asegura a Sputnik el maestro en Estudios en Relaciones Internacionales por el Programa de Posgrado en Ciencias Pol\u00edticas y Sociales de la Universidad Nacional Aut\u00f3noma de M\u00e9xico (UNAM), Irwing Rico.<\/div>\n<\/div>\n<div class=\"article__block\" data-type=\"quote\">\n<div class=\"article__quote\">\n<div class=\"article__quote-bg\">\n<div class=\"article__quote-bg-line\"><\/div>\n<\/div>\n<div class=\"article__quote-text\">\n<p>\u00abEs importante decir que la pol\u00edtica exterior, de acuerdo con la Constituci\u00f3n, es responsabilidad exclusiva del presidente. Y el presidente lo que ha impulsado es esta idea de que\u00a0<strong>la mejor pol\u00edtica exterior es la pol\u00edtica interior<\/strong>\u00ab, se\u00f1ala Rico.<\/p>\n<\/div>\n<div class=\"article__quote-info\">\n<div class=\"elem-info\">\n<div class=\"elem-info__share\">\n<div class=\"share m-active\" data-id=\"1140824552\" data-url=\"https:\/\/sputniknews.lat\/20230624\/la-nueva-canciller-de-mexico-no-debe-permitir-vulneraciones-a-la-soberania-nacional-1140824552.html?share-block=1140907842\" data-title=\"&amp;quot;Es importante decir que la pol\u00edtica exterior, de acuerdo con la Constituci\u00f3n, es responsabilidad exclusiva del presidente. Y el presidente lo que ha impulsado es esta idea de que la mejor pol\u00edtica exterior es la pol\u00edtica interior&amp;quot;, se\u00f1ala Rico. \"><\/div>\n<\/div>\n<\/div>\n<\/div>\n<\/div>\n<\/div>\n<div class=\"article__block\" data-type=\"text\">\n<div class=\"article__text\">Sin embargo, tomando en cuenta que hay temas r\u00edspidos en el \u00e1rea, como las siempre complejas relaciones con Washington por los controles migratorios,\u00a0el tr\u00e1fico de fentanilo\u00a0y el tr\u00e1fico de armas, la llegada de B\u00e1rcena es trascendental.<\/div>\n<\/div>\n<div class=\"article__block\" data-type=\"article\" data-article=\"main-photo\">\n<div class=\"article__article m-image\">\n<div class=\"article__block\" data-type=\"h2\">\n<h2 class=\"article__h2\">\u00bfQu\u00e9 pasar\u00e1 con EEUU?<\/h2>\n<\/div>\n<div class=\"article__block\" data-type=\"text\">\n<div class=\"article__text\">Por un lado, la nueva canciller \u00abva a tener que mantener discursos y acciones que favorezcan mucho la soberan\u00eda nacional, la no intervenci\u00f3n\u00bb, observa el experto.<\/div>\n<\/div>\n<div class=\"article__block\" data-type=\"text\">\n<div class=\"article__text\">Lo anterior, debido a las tensiones que se han dado en los \u00faltimos meses con Washington, particularmente con el gobernador de Florida, Ron DeSantis, y los representantes republicanos,\u00a0Den Crenshaw, Roger Marshall y Rick Scott, quienes emprendieron una suerte de campa\u00f1a para que la Administraci\u00f3n Biden declare a los\u00a0<strong>c\u00e1rteles mexicanos de la droga<\/strong>\u00a0como\u00a0agrupaciones terroristas\u00a0y, con ello, el\u00a0<strong>Ej\u00e9rcito estadounidense pueda intervenir<\/strong>\u00a0en el pa\u00eds latinoamericano para, supuestamente, combatir al crimen organizado.<\/div>\n<\/div>\n<div class=\"article__block\" data-type=\"text\">\n<div class=\"article__text\">En respuesta, el presidente\u00a0<strong>L\u00f3pez Obrador<\/strong>\u00a0acus\u00f3 que esas iniciativas eran\u00a0<strong>ataques a la soberan\u00eda nacional<\/strong>\u00a0y amenaz\u00f3 que, si los republicanos no cambiaban su actitud, emprender\u00eda una campa\u00f1a en Estados Unidos para informar a la comunidad hispanoparlante sobre las acciones de seguridad que realiza su Gobierno y para llamar a no votar por el Partido Republicano.<\/div>\n<\/div>\n<div class=\"article__block\" data-type=\"text\">\n<div class=\"article__text\">Ante esta situaci\u00f3n, la nueva canciller deber\u00e1 emprender una serie de acciones vinculadas a la defensa de los nacionales en el extranjero, dice el especialista. No obstante, considera que los discursos \u00abm\u00e1s radicales\u00bb de los miembros del Partido Republicano est\u00e1n m\u00e1s relacionados con una l\u00ednea discursiva que con una agenda pol\u00edtica real.<\/div>\n<\/div>\n<div class=\"article__block\" data-type=\"quote\">\n<div class=\"article__quote\">\n<div class=\"article__quote-bg\">\n<div class=\"article__quote-bg-line\"><\/div>\n<\/div>\n<div class=\"article__quote-text\">\n<p>\u00abNo me parece que ahorita Estados Unidos est\u00e9 en condiciones de promover ese tipo de cosas [extremismos]. En ese sentido, creo que la Canciller\u00eda tiene que ser muy tajante en t\u00e9rminos discursivos, de no permitir ese tipo de vulneraciones a la soberan\u00eda nacional, de defender a los migrantes, de buscar un mejor trato de los derechos humanos de todas estas personas y de buscar una mayor cooperaci\u00f3n para reducir los riesgos, por ejemplo, del fentanilo, de la venta de armamento, para mantener una buena relaci\u00f3n con Estados Unidos, sin perder este principio soberanista que ha caracterizado a este sexenio\u00bb, explic\u00f3 Irwing Rico.<\/p>\n<div class=\"article__block\" data-type=\"h2\">\n<h2 class=\"article__h2\">B\u00e1rcena buscar\u00e1 mejorar su imagen ante EEUU<\/h2>\n<\/div>\n<div class=\"article__block\" data-type=\"text\">\n<div class=\"article__text\">En octubre de 2022, la congresista republicana por Florida, Mar\u00eda Elvira Salazar, escribi\u00f3 una carta a la secretaria del Tesoro de Estados Unidos, Janet Yellen, para pedirle bloquear la candidatura de la diplom\u00e1tica mexicana a la presidencia del\u00a0Banco Interamericano de Desarrollo (BID)\u00a0por su supuesta afinidad con Gobiernos de izquierda.<\/div>\n<\/div>\n<div class=\"article__block\" data-type=\"quote\">\n<div class=\"article__quote\">\n<div class=\"article__quote-bg\">\n<div class=\"article__quote-bg-line\"><\/div>\n<\/div>\n<div class=\"article__quote-text\">\n<p>\u00abNo podemos permitir que una simpatizante comunista dirija el Banco Interamericano de Desarrollo. Usted tiene un rol clave para detener esto\u00bb, argument\u00f3 Salazar en ese momento.<\/p>\n<\/div>\n<div class=\"article__quote-info\">\n<div class=\"elem-info\">\n<div class=\"elem-info__share\">\n<div class=\"share m-active\" data-id=\"1140824552\" data-url=\"https:\/\/sputniknews.lat\/20230624\/la-nueva-canciller-de-mexico-no-debe-permitir-vulneraciones-a-la-soberania-nacional-1140824552.html?share-block=1140825714\" data-title=\"&amp;quot;No podemos permitir que una simpatizante comunista dirija el Banco Interamericano de Desarrollo. Usted tiene un rol clave para detener esto&amp;quot;, argument\u00f3 Salazar en ese momento. \"><\/div>\n<\/div>\n<\/div>\n<\/div>\n<\/div>\n<\/div>\n<div class=\"article__block\" data-type=\"text\">\n<div class=\"article__text\"><strong>Alicia B\u00e1rcena<\/strong>\u00a0fue nominada para ocupar ese cargo por el presidente Andr\u00e9s Manuel L\u00f3pez Obrador\u00a0en 2022, tras la destituci\u00f3n de Mauricio Claver-Carone \u2014propuesto por el expresidente Donald Trump (2017-2021)\u2014, por una presunta relaci\u00f3n \u00edntima con una subordinada. Sin embargo, la diplom\u00e1tica mexicana declin\u00f3 argumentando razones personales.<\/div>\n<\/div>\n<div class=\"article__block\" data-type=\"text\">\n<div class=\"article__text\">En ese sentido, Rico asegura que\u00a0<strong>B\u00e1rcena buscar\u00e1 mejorar su imagen frente a Washington\u00a0<\/strong>durante el tiempo que le toque estar al frente de la Secretar\u00eda de Relaciones Exteriores.<\/div>\n<\/div>\n<div class=\"article__block\" data-type=\"text\">\n<div class=\"article__text\">A decir del experto, la raz\u00f3n es que la diplom\u00e1tica \u00abtiene algunas aspiraciones para ocupar la Secretar\u00eda General de las Naciones Unidas, una vez que Antonio Guterres complete su periodo\u00bb.<\/div>\n<\/div>\n<div class=\"article__block\" data-type=\"text\">\n<div class=\"article__text\">\u00abAl final del d\u00eda, la Canciller\u00eda es una plataforma pol\u00edtica de importancia para poder lograr eso o, a lo mejor, colocarse en alguna otra cosa, de cara a la sucesi\u00f3n presidencial en M\u00e9xico\u00bb, se\u00f1ala el estudioso de las relaciones internacionales.<\/div>\n<\/div>\n<div class=\"article__block\" data-type=\"article\" data-article=\"main-photo\">\n<div class=\"article__article m-image\">\n<div class=\"article__block\" data-type=\"text\">\n<div class=\"article__text\">El experto tambi\u00e9n considera que la nueva titular de la Canciller\u00eda mexicana tendr\u00e1 que jugar muy bien sus cartas en funci\u00f3n de c\u00f3mo se d\u00e9 la elecci\u00f3n presidencial en Estados Unidos de 2024, ya que, a pesar de los esc\u00e1ndalos,\u00a0<strong>Donald Trump<\/strong>\u00a0\u00abparece estar bastante presente en la contienda\u00bb, mientras que\u00a0<strong>Joe Biden<\/strong>, a pesar de su edad, podr\u00eda ser el candidato del Partido Dem\u00f3crata.<\/div>\n<\/div>\n<div class=\"article__block\" data-type=\"text\">\n<div class=\"article__text\">\u00abB\u00e1rcena tendr\u00e1 que jugar muy pragm\u00e1ticamente, por su propia carrera pol\u00edtica, pero tambi\u00e9n, justamente, para mantener los intereses y la l\u00ednea de pol\u00edtica exterior que M\u00e9xico ya ha tenido\u00bb, coment\u00f3.<\/div>\n<\/div>\n<div class=\"article__block\" data-type=\"h2\">\n<h2 class=\"article__h2\">\u00bfVuelta hacia Am\u00e9rica Latina?<\/h2>\n<\/div>\n<div class=\"article__block\" data-type=\"text\">\n<div class=\"article__text\">Seg\u00fan Rico Becerra, la llegada de Alicia B\u00e1rcena al Gobierno puede contribuir a\u00a0<strong>reforzar la narrativa de M\u00e9xico como l\u00edder latinoamericano<\/strong>. Esto porque, al final, la diplom\u00e1tica es reconocida en los pa\u00edses de la regi\u00f3n por su trabajo al frente de la Cepal.<\/div>\n<\/div>\n<div class=\"article__block\" data-type=\"quote\">\n<div class=\"article__quote\">\n<div class=\"article__quote-bg\">\n<div class=\"article__quote-bg-line\"><\/div>\n<\/div>\n<div class=\"article__quote-text\">\n<p>\u00abPero tambi\u00e9n, justamente, por este reconocimiento abierto que ha hecho a l\u00edderes progresistas como\u00a0<strong>Hugo Ch\u00e1vez<\/strong>\u00a0[expresidente de Venezuela], como\u00a0<strong>Fidel Castro<\/strong>\u00a0[expresidente de Cuba], as\u00ed como por el impulso al comercio que ha buscado la regi\u00f3n en China\u00bb, dice.<\/p>\n<\/div>\n<div class=\"article__quote-info\">\n<div class=\"elem-info\">\n<div class=\"elem-info__share\">\n<div class=\"share m-active\" data-id=\"1140824552\" data-url=\"https:\/\/sputniknews.lat\/20230624\/la-nueva-canciller-de-mexico-no-debe-permitir-vulneraciones-a-la-soberania-nacional-1140824552.html?share-block=1140824813\" data-title=\"&amp;quot;Pero tambi\u00e9n, justamente, por este reconocimiento abierto que ha hecho a l\u00edderes progresistas como Hugo Ch\u00e1vez [expresidente de Venezuela], como Fidel Castro [expresidente de Cuba], as\u00ed como por el impulso al comercio que ha buscado la regi\u00f3n en China&amp;quot;, dice. \"><\/div>\n<\/div>\n<\/div>\n<\/div>\n<\/div>\n<\/div>\n<div class=\"article__block\" data-type=\"text\">\n<div class=\"article__text\">El especialista tambi\u00e9n observa que el capital pol\u00edtico de B\u00e1rcena \u2014amplia conocedora de Latinoam\u00e9rica\u2014 \u00abpuede generar frutos\u00bb positivos para el pa\u00eds latinoamericano.<\/div>\n<\/div>\n<div class=\"article__block\" data-type=\"text\">\n<div class=\"article__text\">Por ello, dice, es de esperarse que la Administraci\u00f3n de L\u00f3pez Obrador sea un poco m\u00e1s activa en sus relaciones con Am\u00e9rica Latina. \u00abYa ha venido sucediendo, pero con Alicia B\u00e1rcena se puede consolidar m\u00e1s sin dejar de lado los intereses estrat\u00e9gicos en la relaci\u00f3n con Estados Unidos\u00bb.<\/p>\n<div class=\"article__block\" data-type=\"text\">\n<div class=\"article__text\">Comercialmente, sin embargo, Estados Unidos sigue siendo el socio n\u00famero uno de M\u00e9xico. Por eso el experto cree que \u00abuna vuelta de tuerca hacia Am\u00e9rica Latina\u00bb, olvidado a Washington, \u00abno ser\u00eda lo m\u00e1s apropiado\u00bb.<\/div>\n<\/div>\n<div class=\"article__block\" data-type=\"text\">\n<div class=\"article__text\">\u00abPara Estados Unidos, M\u00e9xico tambi\u00e9n es muy importante como parte de su frontera estrat\u00e9gica, o sea, para el mantenimiento de su hegemon\u00eda y de todas las formas de articulaci\u00f3n en el mismo continente, entonces una vuelta de tuerca me parece absolutamente improbable\u00bb, distingui\u00f3.<\/div>\n<\/div>\n<\/div>\n<\/div>\n<\/div>\n<\/div>\n<\/div>\n<\/div>\n<\/div>\n<\/div>\n<\/div>\n<\/div>\n","protected":false},"excerpt":{"rendered":"<p>Ante la salida de Marcelo Ebrard \u2014quien buscar\u00e1 la Presidencia del pa\u00eds\u2014, la Canciller\u00eda mexicana&#8230;<\/p>\n","protected":false},"author":1,"featured_media":17043,"comment_status":"open","ping_status":"closed","sticky":false,"template":"","format":"standard","meta":{"footnotes":""},"categories":[2],"tags":[],"class_list":["post-17041","post","type-post","status-publish","format-standard","has-post-thumbnail","hentry","category-nacional"],"_links":{"self":[{"href":"https:\/\/newsqr.com.mx\/index.php?rest_route=\/wp\/v2\/posts\/17041","targetHints":{"allow":["GET"]}}],"collection":[{"href":"https:\/\/newsqr.com.mx\/index.php?rest_route=\/wp\/v2\/posts"}],"about":[{"href":"https:\/\/newsqr.com.mx\/index.php?rest_route=\/wp\/v2\/types\/post"}],"author":[{"embeddable":true,"href":"https:\/\/newsqr.com.mx\/index.php?rest_route=\/wp\/v2\/users\/1"}],"replies":[{"embeddable":true,"href":"https:\/\/newsqr.com.mx\/index.php?rest_route=%2Fwp%2Fv2%2Fcomments&post=17041"}],"version-history":[{"count":0,"href":"https:\/\/newsqr.com.mx\/index.php?rest_route=\/wp\/v2\/posts\/17041\/revisions"}],"wp:featuredmedia":[{"embeddable":true,"href":"https:\/\/newsqr.com.mx\/index.php?rest_route=\/wp\/v2\/media\/17043"}],"wp:attachment":[{"href":"https:\/\/newsqr.com.mx\/index.php?rest_route=%2Fwp%2Fv2%2Fmedia&parent=17041"}],"wp:term":[{"taxonomy":"category","embeddable":true,"href":"https:\/\/newsqr.com.mx\/index.php?rest_route=%2Fwp%2Fv2%2Fcategories&post=17041"},{"taxonomy":"post_tag","embeddable":true,"href":"https:\/\/newsqr.com.mx\/index.php?rest_route=%2Fwp%2Fv2%2Ftags&post=17041"}],"curies":[{"name":"wp","href":"https:\/\/api.w.org\/{rel}","templated":true}]}}