{"id":17088,"date":"2023-06-26T15:30:33","date_gmt":"2023-06-26T20:30:33","guid":{"rendered":"https:\/\/xn--mscarasypolticascozumel-t5b42a.com\/?p=17088"},"modified":"2023-06-26T15:30:33","modified_gmt":"2023-06-26T20:30:33","slug":"va-por-mexico-anunciara-su-candidato-presidencial-el-proximo-3-de-septiembre","status":"publish","type":"post","link":"https:\/\/newsqr.com.mx\/?p=17088","title":{"rendered":"Va por M\u00e9xico anunciar\u00e1 su candidato presidencial el pr\u00f3ximo 3 de septiembre"},"content":{"rendered":"<div class=\"a_e_txt _df\">\n<h4 class=\"a_st\" style=\"text-align: center;\">El esquema para decidir el candidato de la alianza opositora en 2024 incluir\u00e1 encuestas y elecciones primarias<\/h4>\n<\/div>\n<div class=\"a_e_m\">\n<p class=\"\">La alianza\u00a0Va por M\u00e9xico\u00a0ha anunciado este lunes oficialmente su m\u00e9todo para elegir al candidato que llevar\u00e1n a las presidenciales en 2024. Despu\u00e9s de unas duras negociaciones en la \u00faltima semana, el frente opositor ha informado que elegir\u00e1 a su candidato presidencial a trav\u00e9s de un esquema que contempla la recolecci\u00f3n de apoyos o firmas, mediciones en encuestas y sondeos, debates y finalmente unas elecciones primarias. La coalici\u00f3n, que agrupa al Partido Revolucionario Institucional (PRI),\u00a0Partido Acci\u00f3n Nacional (PAN), el Partido de la Revoluci\u00f3n Democr\u00e1tica (PRD) y organizaciones de corte civil, espera tener el nombre que llevar\u00e1 en la boleta el pr\u00f3ximo a\u00f1o para el 3 de septiembre, tres d\u00edas antes del anuncio previsto por Morena. \u201cLa candidatura presidencial ser\u00e1 decidida por todas y todos los mexicanos\u201d, ha dicho en conferencia de prensa Marko Cort\u00e9s, presidente del PAN, acompa\u00f1ado de las dirigencias de las otras formaciones, empresarios, activistas y una decena de aspirantes a la candidatura.<\/p>\n<p class=\"\">En una multitudinaria presentaci\u00f3n, la coalici\u00f3n ha anunciado los detalles del mecanismo de elecci\u00f3n interna, que contempla tres etapas. Todo el proceso ser\u00e1 organizado por un Comit\u00e9 y supervisado por un Observatorio, mayoritariamente compuesto por personas de la sociedad civil. Sin embargo, no han detallado ni qui\u00e9nes ser\u00e1n los miembros ni cu\u00e1ntos. La primera etapa ser\u00e1 de registros de aspirantes a la candidatura, y comenzar\u00e1 el 4 de julio. Quien quiera participar del proceso tendr\u00e1 que hacerlo ante una comisi\u00f3n de registros en cualquiera de los tres partidos. Seg\u00fan han explicado, los que busquen ser el candidato de la alianza deber\u00e1n \u201cser respaldados\u201d por ciudadanos en una plataforma virtual. De momento, no han especificado si hay un n\u00famero espec\u00edfico que alcanzar, pese a que\u00a0los acuerdos del pasado fin de semana apuntaban hacia 150.000 firmas\u00a0como m\u00ednimo.<\/p>\n<p class=\"\">En una segunda etapa, quienes se hayan registrado y cumplido con el requisito de las firmas participar\u00e1n de un gran debate, que la alianza llama \u201cforo\u201d, donde analizar\u00e1n \u201csu visi\u00f3n de M\u00e9xico\u201d. Esto lo har\u00e1n sin interactuar, de acuerdo a lo que han contado algunas fuentes de Va por M\u00e9xico a este peri\u00f3dico. Despu\u00e9s de ese encuentro se realizar\u00e1n estudios de opini\u00f3n p\u00fablica para elegir solo a los tres personajes con mejores resultados en t\u00e9rminos de intenci\u00f3n de voto e imagen p\u00fablica. La triada que supere los anteriores puntos pasar\u00e1 a la tercera etapa, donde habr\u00e1 cinco nuevos debates y tendr\u00e1n m\u00e1s estudios de opini\u00f3n.<\/p>\n<p class=\"\">Estas \u00faltimas encuestas ser\u00e1n reveladas el 3 de septiembre. Ese mismo d\u00eda, Va por M\u00e9xico celebrar\u00e1 unas elecciones primarias en las que podr\u00e1n participar \u00fanicamente quienes se hayan registrado en la plataforma electr\u00f3nica durante la primera etapa. Tanto los comicios como los sondeos tendr\u00e1n un valor del 50% cada uno para definir qui\u00e9n ir\u00e1 en 2024. El que mejor evaluado quede de esas tres personas ser\u00e1 el candidato.<\/p>\n<p class=\"\">La alianza ha cambiado este lunes el nombre de Va por M\u00e9xico a Frente Amplio por M\u00e9xico en una b\u00fasqueda de saltearse los tiempos electorales que determina la ley, que reci\u00e9n autoriza a los partidos a realizar el proceso interno de selecci\u00f3n a partir de noviembre. De esta forma, esperan encontrar entre junio y agosto lo que llaman un \u201cresponsable nacional de construir un frente amplio por M\u00e9xico\u201d, ha explicado Cort\u00e9s. Ese ser\u00e1 el nombre que le den al candidato presidencial para evitar posibles sanciones del Instituto Nacional Electoral (INE). Luego, cuando est\u00e9n dentro de los plazos permitidos, el frente \u201cpodr\u00eda transitar a una coalici\u00f3n\u201d, ha agregado el presidente del PAN.<\/p>\n<p class=\"\">El punto de los tiempos electorales ha sido uno de las tensiones m\u00e1s importantes estos d\u00edas al interior de la coalici\u00f3n. Algunos miembros de Va por M\u00e9xico han manifestado su preocupaci\u00f3n por querer adelantar a Morena y realizar el proceso fuera de t\u00e9rmino. Algunas de las sanciones que podr\u00edan recibir, han explicado, son la inhabilitaci\u00f3n de la candidatura o la cancelaci\u00f3n del registro de los partidos. \u201cS\u00ed vamos a respetar la Constituci\u00f3n\u201d, ha asegurado este lunes Cort\u00e9s, que espera que el cambio de los nombres sea el salvavidas que le rescate ante futuras denuncias que pudieran caer en manos del \u00e1rbitro electoral.<\/p>\n<p class=\"\">Alejandro\u00a0<i>Alito<\/i>\u00a0Moreno, presidente del PRI, ha dicho que el m\u00e9todo que han elegido es \u201cpr\u00e1ctico, realizable, potente y distinto de lo que hace el Gobierno [de Andr\u00e9s Manuel L\u00f3pez Obrador]\u201d. El dirigente tricolor ha se\u00f1alado a la decena de aspirantes a la candidatura que acompa\u00f1aban en el escenario el evento de este lunes y ha afirmado que de ah\u00ed saldr\u00e1 el representante para 2024. Entre quienes estaban sentados en primera fila estaban Claudia Ruiz Massieu, Beatriz Paredes, Ildefonso Guajardo y Enrique de la Madrid. Mientras que del PAN estaban Santiago Creel, Lilly T\u00e9llez, X\u00f3chitl G\u00e1lvez y Gabriel Quadri. Adem\u00e1s estaba el empresario Gustavo de Hoyos.<\/p>\n<p class=\"\">Los oradores del evento entremezclaron dirigentes pol\u00edticos y activistas de la sociedad civil, como voceros de las organizaciones Marea Rosa o Chalecos M\u00e9xico. Jes\u00fas Zambrano, el presidente del PRD, ha afirmado que estas organizaciones y la sociedad civil en general ser\u00e1n quienes decidan el candidato opositor. \u201cNo habr\u00e1 simulaci\u00f3n, ni dedazo. Sino decisiones democr\u00e1ticas que nos imponga la ciudadan\u00eda\u201d, ha dicho bajo el aplauso de los participantes. Otros que acompa\u00f1aron el anuncio fueron el expresidente Vicente Fox y el empresario Claudio X. Gonz\u00e1lez, de la plataforma Unid@s.<\/p>\n<p class=\"\">Despu\u00e9s de que trascendieran detalles del m\u00e9todo de selecci\u00f3n este fin de semana, el presidente ha cargado contra la oposici\u00f3n este lunes \u2014antes del anuncio\u2014 y ha asegurado que se trataba de \u201cpura faramalla\u201d. L\u00f3pez Obrador ha dicho que no ser\u00e1 la sociedad quien elija el candidato sino \u201cla oligarqu\u00eda corrupta\u201d, encabezada por el empresario Claudio X. Gonz\u00e1lez. \u201cEn unos d\u00edas m\u00e1s hasta les puedo decir por adelantado qui\u00e9n va a ser el candidato de ellos, en dos o tres d\u00edas les digo, y estoy seguro de que no me voy a equivocar\u201d, ha se\u00f1alado el mandatario. La misma acusaci\u00f3n ha hecho la oposici\u00f3n horas m\u00e1s tarde, que han asegurado que ser\u00e1 el presidente quien nombre a su sucesor y haga el pol\u00e9mico \u201cdedazo\u201d.<\/p>\n<p class=\"\">Muchos de los aspirantes esperaban el anuncio de este lunes para confirmar su participaci\u00f3n. La informaci\u00f3n adelantada este fin de semana provoc\u00f3 que a primera hora de este lunes ya se bajaran algunos de la alianza. El senador por el Grupo Plural Germ\u00e1n Mart\u00ednez critic\u00f3 el m\u00e9todo elegido en un video publicado en redes sociales y anunci\u00f3 que se retiraba de la contienda porque no quer\u00eda violar la ley ni echarse \u201cen manos de cargadas empresariales, de sindicatos con due\u00f1o o de padroneros partidistas\u201d. Mauricio Vila, gobernador de Yucat\u00e1n, argument\u00f3 tener otros asuntos pol\u00edticos, pero tambi\u00e9n se baj\u00f3 de la interna. El acad\u00e9mico Sergio Aguayo tambi\u00e9n se despeg\u00f3 de la alianza, a quien acus\u00f3 de cambiar los t\u00e9rminos del acuerdo original que ten\u00edan al someter a las organizaciones civiles a las decisiones de los tres partidos de la coalici\u00f3n.<\/p>\n<\/div>\n","protected":false},"excerpt":{"rendered":"<p>El esquema para decidir el candidato de la alianza opositora en 2024 incluir\u00e1 encuestas y&#8230;<\/p>\n","protected":false},"author":1,"featured_media":17090,"comment_status":"open","ping_status":"closed","sticky":false,"template":"","format":"standard","meta":{"footnotes":""},"categories":[2],"tags":[],"class_list":["post-17088","post","type-post","status-publish","format-standard","has-post-thumbnail","hentry","category-nacional"],"_links":{"self":[{"href":"https:\/\/newsqr.com.mx\/index.php?rest_route=\/wp\/v2\/posts\/17088","targetHints":{"allow":["GET"]}}],"collection":[{"href":"https:\/\/newsqr.com.mx\/index.php?rest_route=\/wp\/v2\/posts"}],"about":[{"href":"https:\/\/newsqr.com.mx\/index.php?rest_route=\/wp\/v2\/types\/post"}],"author":[{"embeddable":true,"href":"https:\/\/newsqr.com.mx\/index.php?rest_route=\/wp\/v2\/users\/1"}],"replies":[{"embeddable":true,"href":"https:\/\/newsqr.com.mx\/index.php?rest_route=%2Fwp%2Fv2%2Fcomments&post=17088"}],"version-history":[{"count":0,"href":"https:\/\/newsqr.com.mx\/index.php?rest_route=\/wp\/v2\/posts\/17088\/revisions"}],"wp:featuredmedia":[{"embeddable":true,"href":"https:\/\/newsqr.com.mx\/index.php?rest_route=\/wp\/v2\/media\/17090"}],"wp:attachment":[{"href":"https:\/\/newsqr.com.mx\/index.php?rest_route=%2Fwp%2Fv2%2Fmedia&parent=17088"}],"wp:term":[{"taxonomy":"category","embeddable":true,"href":"https:\/\/newsqr.com.mx\/index.php?rest_route=%2Fwp%2Fv2%2Fcategories&post=17088"},{"taxonomy":"post_tag","embeddable":true,"href":"https:\/\/newsqr.com.mx\/index.php?rest_route=%2Fwp%2Fv2%2Ftags&post=17088"}],"curies":[{"name":"wp","href":"https:\/\/api.w.org\/{rel}","templated":true}]}}