{"id":17097,"date":"2023-06-26T15:41:51","date_gmt":"2023-06-26T20:41:51","guid":{"rendered":"https:\/\/xn--mscarasypolticascozumel-t5b42a.com\/?p=17097"},"modified":"2023-06-26T15:41:51","modified_gmt":"2023-06-26T20:41:51","slug":"va-por-mexico-esta-tranqui-pese-a-baja-de-candidatos-nos-preocupa-su-buena-fama","status":"publish","type":"post","link":"https:\/\/newsqr.com.mx\/?p=17097","title":{"rendered":"Va por M\u00e9xico est\u00e1 \u2018tranqui\u2019 pese a baja de candidatos: \u2018Nos preocupa su buena fama\u2019"},"content":{"rendered":"<div class=\"row\">\n<div class=\"col-sm-xl-12 layout-section wrap-bottom\">\n<h4 class=\"primary-font__PrimaryFontStyles-o56yd5-0 heuGTu h4-primary sub-headline\" style=\"text-align: center;\">Marko Cort\u00e9s Mendoza, presidente nacional del PAN, asegur\u00f3 que el candidato presidencial de Va por M\u00e9xico debe de tener solvencia moral y buena fama p\u00fablica.<\/h4>\n<div class=\"default__StyledDiv-cj38t1-0 gCPfDm share-bar\">\n<p class=\"default__StyledText-kkhi2r-0 cGAawy body-paragraph\">Marko Cort\u00e9s Mendoza, presidente nacional del PAN, asegur\u00f3 este lunes 26 de junio que a la\u00a0coalici\u00f3n Va por M\u00e9xico\u00a0<b>no \u201cle preocupa\u201d que se est\u00e9n bajando algunos de sus candidatos a la presidencia<\/b>, como fue el caso del gobernador de Yucat\u00e1n, Mauricio Vila.<\/p>\n<p class=\"default__StyledText-kkhi2r-0 cGAawy body-paragraph\">En entrevista con Ciro G\u00f3mez Leyva, Cort\u00e9s Mendoza explic\u00f3 que al PAN y a la coalici\u00f3n le importa que su pr\u00f3ximo candidato sea\u00a0<b>una persona que tenga moral y fama:<\/b><\/p>\n<div id=\"arcad-feature-9503\" class=\"default__StyledAdUnit-ijbiyl-0 bWigPu arcad-feature margin-md-bottom \">\n<div id=\"\" class=\"arcad-container\">\n<div id=\"lazy_3\">\n<div id=\"inread_oop\" class=\"arcad ad-1x1\" data-google-query-id=\"CKqWyffl4f8CFZPhhgodAS4C7g\">\n<div id=\"google_ads_iframe_\/77835600\/ElFinanciero__internas\/inread_oop_0__container__\"><\/div>\n<\/div>\n<\/div>\n<\/div>\n<\/div>\n<p class=\"default__StyledText-kkhi2r-0 cGAawy body-paragraph\">\u201cNo nos preocupa, yo lo que te dir\u00eda es que Acci\u00f3n Nacional siempre se preocupa es que nuestros candidatos tengan solvencia moral, buena fama p\u00fablica\u2026 pero adem\u00e1s de que tenga la capacidad de construir un primer Gobierno de coalici\u00f3n\u201d, dijo.<\/p>\n<p class=\"default__StyledText-kkhi2r-0 cGAawy body-paragraph\">Por esta raz\u00f3n, asegur\u00f3 que el\u00a0caso de Mauricio Vila\u00a0no es preocupante y destac\u00f3 que \u201cnosotros le reconocernos su compromiso con su estado, le reconocemos su labor como gobernador, con Vila\u00a0<b>seguiremos trabajando en equipo, cada quien desde sus trincheras\u201d.<\/b><\/p>\n<article class=\"container-fluid inline-promo border border_solid border_top color_black_1\">\n<div class=\"inline-promo-wrapper inline-promo-image\">\n<p class=\"default__StyledText-kkhi2r-0 cGAawy body-paragraph\">Sobre el m\u00e9todo de selecci\u00f3n de su candidato, el l\u00edder panista asegur\u00f3 que su prop\u00f3sito es que decida la sociedad, \u201cno encerrados, dando la espalda en Palacio Nacional, ac\u00e1 s\u00ed van a poder participar todos los que quieran,\u00a0<b>ac\u00e1 no hay invitados VIP<\/b>, como all\u00e1\u201d.<\/p>\n<p class=\"default__StyledText-kkhi2r-0 cGAawy body-paragraph\">Ante esto, dijo, los que busquen ser\u00a0candidatos de Va por M\u00e9xico\u00a0podr\u00e1n participar con \u201creglas claras\u201d, en un proceso abierto, donde la gente decida y con un comit\u00e9 organizador formado por expertos electorales, mayoritariamente de la sociedad civil y\u00a0<b>adem\u00e1s supervisado por un observatorio ciudadano.<\/b><\/p>\n<div id=\"arcad-feature-3641\" class=\"default__StyledAdUnit-ijbiyl-0 bWigPu arcad-feature margin-md-bottom \">\n<div id=\"\" class=\"arcad-container\">\n<div id=\"lazy_4\">\n<div id=\"box_banner\" class=\"arcad ad-300x250\" data-google-query-id=\"CJGY-Pjl4f8CFRXnhgodpRwEww\">\n<div id=\"google_ads_iframe_\/77835600\/ElFinanciero__nacional\/box_banner_1__container__\"><\/div>\n<\/div>\n<\/div>\n<\/div>\n<\/div>\n<p class=\"default__StyledText-kkhi2r-0 cGAawy body-paragraph\">La oposici\u00f3n logr\u00f3 pactar este fin de semana un amplio m\u00e9todo para la elecci\u00f3n de su candidato presidencial, que\u00a0<b>contempla cuatro encuestas, cinco debates, la obtenci\u00f3n de al menos 150 mil firmas\u00a0<\/b>de la ciudadan\u00eda en apoyo a los aspirantes y hasta una elecci\u00f3n primaria, en compa\u00f1\u00eda de l\u00edderes de organizaciones de la sociedad civil.<\/p>\n<h2 class=\"heading__StyledHeading-sc-1yxtfv0-0 dQdSuo\">Mauricio Vila se baja como candidato a la Presidencia<\/h2>\n<p class=\"default__StyledText-kkhi2r-0 cGAawy body-paragraph\">Mauricio Vila, gobernador de Yucat\u00e1n, descart\u00f3 este domingo 25 de junio contender como candidato presidencial de la\u00a0alianza Va por M\u00e9xico.El mandatario estatal se\u00f1al\u00f3, a trav\u00e9s de un comunicado en sus redes sociales, que fue una decisi\u00f3n dif\u00edcil: \u2018Despu\u00e9s de un largo proceso de reflexi\u00f3n, desde el amor y compromiso con mi estado, he decidido no participar en el proceso de elecci\u00f3n de candidatos para la\u00a0<b>presidencia de M\u00e9xico de mi partido, el Partido Acci\u00f3n Nacional\u2019, dijo.<\/b><\/p>\n<article class=\"default__ArticleBody-kkhi2r-2 cXcEAH article-body-wrapper\">\n<p class=\"default__StyledText-kkhi2r-0 cGAawy body-paragraph\">A inicios de 2023, Vila se hab\u00eda destapado como posible candidato presidencial de la oposici\u00f3n; sin embargo, este domingo detall\u00f3 que su estado tiene grandes proyectos en puerta que \u2018van a cambiar y marcar el rumbo que\u00a0<b>habremos de tomar los pr\u00f3ximos 20 o 30 a\u00f1os, un rumbo de prosperidad,<\/b>\u00a0igualdad y mejores oportunidades para todas y todos\u2019.<\/p>\n<\/article>\n<div class=\"primary-font__PrimaryFontStyles-o56yd5-0 heuGTu tags-holder\"><\/div>\n<\/div>\n<\/article>\n<\/div>\n<\/div>\n<\/div>\n<div class=\"row\">\n<div class=\"col-sm-md-12 col-lg-xl-8 left-article-section ie-flex-100-percent-sm layout-section\"><\/div>\n<\/div>\n","protected":false},"excerpt":{"rendered":"<p>Marko Cort\u00e9s Mendoza, presidente nacional del PAN, asegur\u00f3 que el candidato presidencial de Va por&#8230;<\/p>\n","protected":false},"author":1,"featured_media":17099,"comment_status":"open","ping_status":"closed","sticky":false,"template":"","format":"standard","meta":{"footnotes":""},"categories":[2],"tags":[],"class_list":["post-17097","post","type-post","status-publish","format-standard","has-post-thumbnail","hentry","category-nacional"],"_links":{"self":[{"href":"https:\/\/newsqr.com.mx\/index.php?rest_route=\/wp\/v2\/posts\/17097","targetHints":{"allow":["GET"]}}],"collection":[{"href":"https:\/\/newsqr.com.mx\/index.php?rest_route=\/wp\/v2\/posts"}],"about":[{"href":"https:\/\/newsqr.com.mx\/index.php?rest_route=\/wp\/v2\/types\/post"}],"author":[{"embeddable":true,"href":"https:\/\/newsqr.com.mx\/index.php?rest_route=\/wp\/v2\/users\/1"}],"replies":[{"embeddable":true,"href":"https:\/\/newsqr.com.mx\/index.php?rest_route=%2Fwp%2Fv2%2Fcomments&post=17097"}],"version-history":[{"count":0,"href":"https:\/\/newsqr.com.mx\/index.php?rest_route=\/wp\/v2\/posts\/17097\/revisions"}],"wp:featuredmedia":[{"embeddable":true,"href":"https:\/\/newsqr.com.mx\/index.php?rest_route=\/wp\/v2\/media\/17099"}],"wp:attachment":[{"href":"https:\/\/newsqr.com.mx\/index.php?rest_route=%2Fwp%2Fv2%2Fmedia&parent=17097"}],"wp:term":[{"taxonomy":"category","embeddable":true,"href":"https:\/\/newsqr.com.mx\/index.php?rest_route=%2Fwp%2Fv2%2Fcategories&post=17097"},{"taxonomy":"post_tag","embeddable":true,"href":"https:\/\/newsqr.com.mx\/index.php?rest_route=%2Fwp%2Fv2%2Ftags&post=17097"}],"curies":[{"name":"wp","href":"https:\/\/api.w.org\/{rel}","templated":true}]}}